{"id":925,"date":"2024-02-25T21:50:48","date_gmt":"2024-02-26T03:50:48","guid":{"rendered":"https:\/\/sue\u00f1adignidad.com\/?p=925"},"modified":"2026-03-02T16:37:47","modified_gmt":"2026-03-02T22:37:47","slug":"mujeres-mazatecas-en-las-entranas-de-oaxaca-un-clamor-contra-la-tortura-de-estado","status":"publish","type":"post","link":"https:\/\/sue\u00f1adignidad.com\/?p=925","title":{"rendered":"Mujeres mazatecas en las entra\u00f1as de Oaxaca: un clamor contra la tortura de Estado"},"content":{"rendered":"<div class='booster-block booster-read-block'>\n                <div class=\"twp-read-time\">\n                \t<i class=\"booster-icon twp-clock\"><\/i> <span>Read Time:<\/span>3 Minute, 53 Second                <\/div>\n\n            <\/div>\n<p>Corresponsal Estefania Galicia <\/p>\n\n\n\n<p>Cobertura por Elizabeth D\u00edaz \/ IG. @la_elizabethdiaz<\/p>\n\n\n\n<p>En los \u00faltimos d\u00edas, las calles de Oaxaca se han convertido en el escenario de una lucha encarnizada por la justicia de las mujeres mazatecas que buscan libertad para su comunidad y seres queridos desde hace nueve a\u00f1os. La situaci\u00f3n es cr\u00edtica: <strong><mark style=\"background-color:rgba(0, 0, 0, 0)\" class=\"has-inline-color has-vivid-red-color\">las libertades de siete mazatecos de Eloxochitl\u00e1n est\u00e1n en peligro inminente. <\/mark><\/strong><\/p>\n\n\n\n<p>El ciclo vicioso de la injusticia se ha manifestado en cada etapa de la batalla jur\u00eddica. Desde el inicio de los procesos penales, marcados por acusaciones infundadas y pruebas manipuladas, hasta las apelaciones que prolongan el sufrimiento de los inocentes, cada paso es una nueva afrenta a la dignidad y la justicia. Los mazatecos han sido v\u00edctimas de artima\u00f1as legales, dilaciones injustificadas y abusos de poder que han erosionado su confianza en un sistema que deber\u00eda protegerlos.<\/p>\n\n\n\n<figure class=\"wp-block-gallery has-nested-images columns-default is-cropped wp-block-gallery-1 is-layout-flex wp-block-gallery-is-layout-flex\">\n<figure class=\"wp-block-image size-large\"><img loading=\"lazy\" decoding=\"async\" width=\"1024\" height=\"684\" data-id=\"966\" src=\"https:\/\/sue\u00f1adignidad.com\/wp-content\/uploads\/2024\/02\/ED21044FEBMAZATECAS_PLANTON_OAXACACIUDAD-1024x684.jpg\" alt=\"\" class=\"wp-image-966\" srcset=\"https:\/\/sue\u00f1adignidad.com\/wp-content\/uploads\/2024\/02\/ED21044FEBMAZATECAS_PLANTON_OAXACACIUDAD-1024x684.jpg 1024w, https:\/\/sue\u00f1adignidad.com\/wp-content\/uploads\/2024\/02\/ED21044FEBMAZATECAS_PLANTON_OAXACACIUDAD-300x200.jpg 300w, https:\/\/sue\u00f1adignidad.com\/wp-content\/uploads\/2024\/02\/ED21044FEBMAZATECAS_PLANTON_OAXACACIUDAD-768x513.jpg 768w, https:\/\/sue\u00f1adignidad.com\/wp-content\/uploads\/2024\/02\/ED21044FEBMAZATECAS_PLANTON_OAXACACIUDAD-1536x1025.jpg 1536w, https:\/\/sue\u00f1adignidad.com\/wp-content\/uploads\/2024\/02\/ED21044FEBMAZATECAS_PLANTON_OAXACACIUDAD.jpg 2048w\" sizes=\"auto, (max-width: 1024px) 100vw, 1024px\" \/><\/figure>\n\n\n\n<figure class=\"wp-block-image size-large\"><img loading=\"lazy\" decoding=\"async\" width=\"1024\" height=\"683\" data-id=\"934\" src=\"https:\/\/sue\u00f1adignidad.com\/wp-content\/uploads\/2024\/02\/ED20831FEBMAZATECAS_PLANTON_OAXACACIUDAD-1-1024x683.jpg\" alt=\"\" class=\"wp-image-934\" srcset=\"https:\/\/sue\u00f1adignidad.com\/wp-content\/uploads\/2024\/02\/ED20831FEBMAZATECAS_PLANTON_OAXACACIUDAD-1-1024x683.jpg 1024w, https:\/\/sue\u00f1adignidad.com\/wp-content\/uploads\/2024\/02\/ED20831FEBMAZATECAS_PLANTON_OAXACACIUDAD-1-300x200.jpg 300w, https:\/\/sue\u00f1adignidad.com\/wp-content\/uploads\/2024\/02\/ED20831FEBMAZATECAS_PLANTON_OAXACACIUDAD-1-768x512.jpg 768w, https:\/\/sue\u00f1adignidad.com\/wp-content\/uploads\/2024\/02\/ED20831FEBMAZATECAS_PLANTON_OAXACACIUDAD-1-1536x1025.jpg 1536w, https:\/\/sue\u00f1adignidad.com\/wp-content\/uploads\/2024\/02\/ED20831FEBMAZATECAS_PLANTON_OAXACACIUDAD-1.jpg 2048w\" sizes=\"auto, (max-width: 1024px) 100vw, 1024px\" \/><\/figure>\n<\/figure>\n\n\n\n<p><strong>Explicaci\u00f3n sencilla del proceso jur\u00eddico: no existe la justicia para los mazatecos<\/strong><\/p>\n\n\n\n<p>En el complicado laberinto del sistema judicial, los mazatecos de Eloxochitl\u00e1n se encuentran en una batalla desesperada por la libertad, una lucha que ha transitado por los pasillos del tribunal y los corredores del poder pol\u00edtico durante m\u00e1s de una d\u00e9cada.<\/p>\n\n\n\n<p>Todo comenz\u00f3 cuando el Juez de Huautla emiti\u00f3 la orden de encarcelamiento, formalizando as\u00ed el inicio de un proceso penal que sumergi\u00f3 a los defensores mazatecos en un abismo de incertidumbre. La acusaci\u00f3n, sin embargo, carec\u00eda de pruebas s\u00f3lidas y se basaba en testimonios cuestionables, generando dudas sobre su legitimidad desde el principio.<\/p>\n\n\n\n<p>Ante esta situaci\u00f3n, los mazatecos buscaron refugio en los tribunales federales, donde encontraron un rayo de esperanza en forma de amparos que reconoc\u00edan su inocencia y ordenaban su liberaci\u00f3n. Sin embargo, este camino hacia la libertad se convirti\u00f3 en una trampa cruel, ya que, a pesar de las m\u00faltiples resoluciones a su favor, el ciclo vicioso del sistema legal los arrastraba una y otra vez al abismo de la prisi\u00f3n preventiva.<\/p>\n\n\n\n<p>Las argucias legales, los retrasos injustificados y las artima\u00f1as burocr\u00e1ticas se convirtieron en armas en manos de sus acusadores, prolongando indefinidamente el sufrimiento de las familias de Eloxochitl\u00e1n. Incluso aquellos que lograron salir de la c\u00e1rcel se encontraron nuevamente enredados en las redes del sistema judicial, enfrentando acusaciones recicladas y audiencias interminables que erosionaban su esperanza.<\/p>\n\n\n\n<p>La complicidad entre el poder pol\u00edtico y el judicial se revel\u00f3 en todo su esplendor, con el Tribunal Superior de Justicia de Oaxaca actuando como un pe\u00f3n en manos de aquellos que buscaban mantener su control sobre la comunidad de Eloxochitl\u00e1n. Las libertades ganadas con tanto esfuerzo fueron revocadas en un abrir y cerrar de ojos, mientras que los amparos federales quedaban en letra muerta frente a la maquinaria legal dise\u00f1ada para perpetuar la injusticia.<\/p>\n\n\n\n<p>En medio de esta tormenta legal, las familias de Eloxochitl\u00e1n se mantienen firmes, resistiendo el embate de un sistema que busca sofocar su voz y anular su lucha, el futuro de los mazatecos de Eloxochitl\u00e1n sigue en juego, pendiendo de un hilo enredado en la mara\u00f1a legal que los aprisiona.<\/p>\n\n\n\n<figure class=\"wp-block-gallery has-nested-images columns-default is-cropped wp-block-gallery-2 is-layout-flex wp-block-gallery-is-layout-flex\">\n<figure class=\"wp-block-image size-large\"><img loading=\"lazy\" decoding=\"async\" width=\"1024\" height=\"684\" data-id=\"971\" src=\"https:\/\/sue\u00f1adignidad.com\/wp-content\/uploads\/2024\/02\/ED21084FEBMAZATECAS_PLANTON_OAXACACIUDAD-1024x684.jpg\" alt=\"\" class=\"wp-image-971\" srcset=\"https:\/\/sue\u00f1adignidad.com\/wp-content\/uploads\/2024\/02\/ED21084FEBMAZATECAS_PLANTON_OAXACACIUDAD-1024x684.jpg 1024w, https:\/\/sue\u00f1adignidad.com\/wp-content\/uploads\/2024\/02\/ED21084FEBMAZATECAS_PLANTON_OAXACACIUDAD-300x200.jpg 300w, https:\/\/sue\u00f1adignidad.com\/wp-content\/uploads\/2024\/02\/ED21084FEBMAZATECAS_PLANTON_OAXACACIUDAD-768x513.jpg 768w, https:\/\/sue\u00f1adignidad.com\/wp-content\/uploads\/2024\/02\/ED21084FEBMAZATECAS_PLANTON_OAXACACIUDAD-1536x1025.jpg 1536w, https:\/\/sue\u00f1adignidad.com\/wp-content\/uploads\/2024\/02\/ED21084FEBMAZATECAS_PLANTON_OAXACACIUDAD.jpg 2048w\" sizes=\"auto, (max-width: 1024px) 100vw, 1024px\" \/><\/figure>\n\n\n\n<figure class=\"wp-block-image size-large\"><img loading=\"lazy\" decoding=\"async\" width=\"1024\" height=\"684\" data-id=\"973\" src=\"https:\/\/sue\u00f1adignidad.com\/wp-content\/uploads\/2024\/02\/ED21090FEBMAZATECAS_PLANTON_OAXACACIUDAD-1024x684.jpg\" alt=\"\" class=\"wp-image-973\" srcset=\"https:\/\/sue\u00f1adignidad.com\/wp-content\/uploads\/2024\/02\/ED21090FEBMAZATECAS_PLANTON_OAXACACIUDAD-1024x684.jpg 1024w, https:\/\/sue\u00f1adignidad.com\/wp-content\/uploads\/2024\/02\/ED21090FEBMAZATECAS_PLANTON_OAXACACIUDAD-300x200.jpg 300w, https:\/\/sue\u00f1adignidad.com\/wp-content\/uploads\/2024\/02\/ED21090FEBMAZATECAS_PLANTON_OAXACACIUDAD-768x513.jpg 768w, https:\/\/sue\u00f1adignidad.com\/wp-content\/uploads\/2024\/02\/ED21090FEBMAZATECAS_PLANTON_OAXACACIUDAD-1536x1025.jpg 1536w, https:\/\/sue\u00f1adignidad.com\/wp-content\/uploads\/2024\/02\/ED21090FEBMAZATECAS_PLANTON_OAXACACIUDAD.jpg 2048w\" sizes=\"auto, (max-width: 1024px) 100vw, 1024px\" \/><\/figure>\n\n\n\n<figure class=\"wp-block-image size-large\"><img loading=\"lazy\" decoding=\"async\" width=\"1024\" height=\"684\" data-id=\"972\" src=\"https:\/\/sue\u00f1adignidad.com\/wp-content\/uploads\/2024\/02\/ED21086FEBMAZATECAS_PLANTON_OAXACACIUDAD-1024x684.jpg\" alt=\"\" class=\"wp-image-972\" srcset=\"https:\/\/sue\u00f1adignidad.com\/wp-content\/uploads\/2024\/02\/ED21086FEBMAZATECAS_PLANTON_OAXACACIUDAD-1024x684.jpg 1024w, https:\/\/sue\u00f1adignidad.com\/wp-content\/uploads\/2024\/02\/ED21086FEBMAZATECAS_PLANTON_OAXACACIUDAD-300x200.jpg 300w, https:\/\/sue\u00f1adignidad.com\/wp-content\/uploads\/2024\/02\/ED21086FEBMAZATECAS_PLANTON_OAXACACIUDAD-768x513.jpg 768w, https:\/\/sue\u00f1adignidad.com\/wp-content\/uploads\/2024\/02\/ED21086FEBMAZATECAS_PLANTON_OAXACACIUDAD-1536x1025.jpg 1536w, https:\/\/sue\u00f1adignidad.com\/wp-content\/uploads\/2024\/02\/ED21086FEBMAZATECAS_PLANTON_OAXACACIUDAD.jpg 2048w\" sizes=\"auto, (max-width: 1024px) 100vw, 1024px\" \/><\/figure>\n\n\n\n<figure class=\"wp-block-image size-large\"><img loading=\"lazy\" decoding=\"async\" width=\"1024\" height=\"684\" data-id=\"967\" src=\"https:\/\/sue\u00f1adignidad.com\/wp-content\/uploads\/2024\/02\/ED21070FEBMAZATECAS_PLANTON_OAXACACIUDAD-1024x684.jpg\" alt=\"\" class=\"wp-image-967\" srcset=\"https:\/\/sue\u00f1adignidad.com\/wp-content\/uploads\/2024\/02\/ED21070FEBMAZATECAS_PLANTON_OAXACACIUDAD-1024x684.jpg 1024w, https:\/\/sue\u00f1adignidad.com\/wp-content\/uploads\/2024\/02\/ED21070FEBMAZATECAS_PLANTON_OAXACACIUDAD-300x200.jpg 300w, https:\/\/sue\u00f1adignidad.com\/wp-content\/uploads\/2024\/02\/ED21070FEBMAZATECAS_PLANTON_OAXACACIUDAD-768x513.jpg 768w, https:\/\/sue\u00f1adignidad.com\/wp-content\/uploads\/2024\/02\/ED21070FEBMAZATECAS_PLANTON_OAXACACIUDAD-1536x1025.jpg 1536w, https:\/\/sue\u00f1adignidad.com\/wp-content\/uploads\/2024\/02\/ED21070FEBMAZATECAS_PLANTON_OAXACACIUDAD.jpg 2048w\" sizes=\"auto, (max-width: 1024px) 100vw, 1024px\" \/><\/figure>\n<\/figure>\n\n\n\n<p><strong>La respuesta tras tres d\u00edas de plant\u00f3n frente al Palacio de Gobierno del estado de Oaxaca <\/strong><\/p>\n\n\n\n<p>Desde <mark style=\"background-color:rgba(0, 0, 0, 0)\" class=\"has-inline-color has-vivid-red-color\">la falta de respuesta a las solicitudes de reuni\u00f3n con la Magistrada Berenice Ram\u00edrez, presidenta del Tribunal Superior de Justicia<\/mark>, hasta las artima\u00f1as legales para prolongar los procesos judiciales, cada p\u00e1gina revela una trama de injusticia y complicidad.<\/p>\n\n\n\n<p>La responsabilidad por esta tragedia recae tanto en el Gobierno de Oaxaca como en el Tribunal Superior de Justicia. Su complicidad con la tortura psicol\u00f3gica y la impunidad solo perpet\u00faa el ciclo de violencia y sufrimiento. La falta de respuesta a las demandas leg\u00edtimas de justicia es un insulto a la dignidad y los derechos humanos fundamentales.<\/p>\n\n\n\n<p>Detr\u00e1s de cada obst\u00e1culo legal, detr\u00e1s de cada dilaci\u00f3n, yace una estrategia para mantener a los inocentes tras las rejas y perpetuar el sufrimiento de sus familias.<\/p>\n\n\n\n<figure class=\"wp-block-gallery has-nested-images columns-default is-cropped wp-block-gallery-3 is-layout-flex wp-block-gallery-is-layout-flex\">\n<figure class=\"wp-block-image size-large\"><img loading=\"lazy\" decoding=\"async\" width=\"1024\" height=\"684\" data-id=\"940\" src=\"https:\/\/sue\u00f1adignidad.com\/wp-content\/uploads\/2024\/02\/ED20857FEBMAZATECAS_PLANTON_OAXACACIUDAD-1024x684.jpg\" alt=\"\" class=\"wp-image-940\" srcset=\"https:\/\/sue\u00f1adignidad.com\/wp-content\/uploads\/2024\/02\/ED20857FEBMAZATECAS_PLANTON_OAXACACIUDAD-1024x684.jpg 1024w, https:\/\/sue\u00f1adignidad.com\/wp-content\/uploads\/2024\/02\/ED20857FEBMAZATECAS_PLANTON_OAXACACIUDAD-300x200.jpg 300w, https:\/\/sue\u00f1adignidad.com\/wp-content\/uploads\/2024\/02\/ED20857FEBMAZATECAS_PLANTON_OAXACACIUDAD-768x513.jpg 768w, https:\/\/sue\u00f1adignidad.com\/wp-content\/uploads\/2024\/02\/ED20857FEBMAZATECAS_PLANTON_OAXACACIUDAD-1536x1025.jpg 1536w, https:\/\/sue\u00f1adignidad.com\/wp-content\/uploads\/2024\/02\/ED20857FEBMAZATECAS_PLANTON_OAXACACIUDAD.jpg 2048w\" sizes=\"auto, (max-width: 1024px) 100vw, 1024px\" \/><\/figure>\n\n\n\n<figure class=\"wp-block-image size-large\"><img loading=\"lazy\" decoding=\"async\" width=\"1024\" height=\"684\" data-id=\"956\" src=\"https:\/\/sue\u00f1adignidad.com\/wp-content\/uploads\/2024\/02\/ED20935FEBMAZATECAS_PLANTON_OAXACACIUDAD-1024x684.jpg\" alt=\"\" class=\"wp-image-956\" srcset=\"https:\/\/sue\u00f1adignidad.com\/wp-content\/uploads\/2024\/02\/ED20935FEBMAZATECAS_PLANTON_OAXACACIUDAD-1024x684.jpg 1024w, https:\/\/sue\u00f1adignidad.com\/wp-content\/uploads\/2024\/02\/ED20935FEBMAZATECAS_PLANTON_OAXACACIUDAD-300x200.jpg 300w, https:\/\/sue\u00f1adignidad.com\/wp-content\/uploads\/2024\/02\/ED20935FEBMAZATECAS_PLANTON_OAXACACIUDAD-768x513.jpg 768w, https:\/\/sue\u00f1adignidad.com\/wp-content\/uploads\/2024\/02\/ED20935FEBMAZATECAS_PLANTON_OAXACACIUDAD-1536x1025.jpg 1536w, https:\/\/sue\u00f1adignidad.com\/wp-content\/uploads\/2024\/02\/ED20935FEBMAZATECAS_PLANTON_OAXACACIUDAD.jpg 2048w\" sizes=\"auto, (max-width: 1024px) 100vw, 1024px\" \/><\/figure>\n\n\n\n<figure class=\"wp-block-image size-large\"><img loading=\"lazy\" decoding=\"async\" width=\"1024\" height=\"684\" data-id=\"960\" src=\"https:\/\/sue\u00f1adignidad.com\/wp-content\/uploads\/2024\/02\/ED20982FEBMAZATECAS_PLANTON_OAXACACIUDAD-1024x684.jpg\" alt=\"\" class=\"wp-image-960\" srcset=\"https:\/\/sue\u00f1adignidad.com\/wp-content\/uploads\/2024\/02\/ED20982FEBMAZATECAS_PLANTON_OAXACACIUDAD-1024x684.jpg 1024w, https:\/\/sue\u00f1adignidad.com\/wp-content\/uploads\/2024\/02\/ED20982FEBMAZATECAS_PLANTON_OAXACACIUDAD-300x200.jpg 300w, https:\/\/sue\u00f1adignidad.com\/wp-content\/uploads\/2024\/02\/ED20982FEBMAZATECAS_PLANTON_OAXACACIUDAD-768x513.jpg 768w, https:\/\/sue\u00f1adignidad.com\/wp-content\/uploads\/2024\/02\/ED20982FEBMAZATECAS_PLANTON_OAXACACIUDAD-1536x1025.jpg 1536w, https:\/\/sue\u00f1adignidad.com\/wp-content\/uploads\/2024\/02\/ED20982FEBMAZATECAS_PLANTON_OAXACACIUDAD.jpg 2048w\" sizes=\"auto, (max-width: 1024px) 100vw, 1024px\" \/><\/figure>\n\n\n\n<figure class=\"wp-block-image size-large\"><img loading=\"lazy\" decoding=\"async\" width=\"1024\" height=\"684\" data-id=\"963\" src=\"https:\/\/sue\u00f1adignidad.com\/wp-content\/uploads\/2024\/02\/ED20992FEBMAZATECAS_PLANTON_OAXACACIUDAD-1024x684.jpg\" alt=\"\" class=\"wp-image-963\" srcset=\"https:\/\/sue\u00f1adignidad.com\/wp-content\/uploads\/2024\/02\/ED20992FEBMAZATECAS_PLANTON_OAXACACIUDAD-1024x684.jpg 1024w, https:\/\/sue\u00f1adignidad.com\/wp-content\/uploads\/2024\/02\/ED20992FEBMAZATECAS_PLANTON_OAXACACIUDAD-300x200.jpg 300w, https:\/\/sue\u00f1adignidad.com\/wp-content\/uploads\/2024\/02\/ED20992FEBMAZATECAS_PLANTON_OAXACACIUDAD-768x513.jpg 768w, https:\/\/sue\u00f1adignidad.com\/wp-content\/uploads\/2024\/02\/ED20992FEBMAZATECAS_PLANTON_OAXACACIUDAD-1536x1025.jpg 1536w, https:\/\/sue\u00f1adignidad.com\/wp-content\/uploads\/2024\/02\/ED20992FEBMAZATECAS_PLANTON_OAXACACIUDAD.jpg 2048w\" sizes=\"auto, (max-width: 1024px) 100vw, 1024px\" \/><\/figure>\n<\/figure>\n\n\n\n<p>Pero en medio de la oscuridad, emerge la luz de la esperanza y la solidaridad. Mujeres valientes, guardianas de la dignidad y la rabia justa, han levantado la voz y han desafiado al sistema con una determinaci\u00f3n inquebrantable. Su ejemplo inspira a todos aquellos que luchan por un mundo m\u00e1s justo y equitativo.<\/p>\n\n\n\n<p>La lucha est\u00e1 lejos de terminar. El informe que presentaron las mujeres mazatecas, es un llamado a la acci\u00f3n, una invitaci\u00f3n a unir fuerzas en la b\u00fasqueda de la verdad y la justicia. Es hora de poner fin a la tortura psicol\u00f3gica, es hora de exigir que los responsables sean llevados ante la justicia.<\/p>\n\n\n\n<p>La exigencia de libertad resuena con fuerza en cada rinc\u00f3n del pa\u00eds, recordando al mundo que la justicia no puede ser sacrificada en el altar de los intereses pol\u00edticos y econ\u00f3micos.<\/p>\n\n\n\n<figure class=\"wp-block-gallery has-nested-images columns-default is-cropped wp-block-gallery-4 is-layout-flex wp-block-gallery-is-layout-flex\">\n<figure class=\"wp-block-image size-large\"><img loading=\"lazy\" decoding=\"async\" width=\"1024\" height=\"684\" data-id=\"951\" src=\"https:\/\/sue\u00f1adignidad.com\/wp-content\/uploads\/2024\/02\/ED20903FEBMAZATECAS_PLANTON_OAXACACIUDAD-1024x684.jpg\" alt=\"\" class=\"wp-image-951\" srcset=\"https:\/\/sue\u00f1adignidad.com\/wp-content\/uploads\/2024\/02\/ED20903FEBMAZATECAS_PLANTON_OAXACACIUDAD-1024x684.jpg 1024w, https:\/\/sue\u00f1adignidad.com\/wp-content\/uploads\/2024\/02\/ED20903FEBMAZATECAS_PLANTON_OAXACACIUDAD-300x200.jpg 300w, https:\/\/sue\u00f1adignidad.com\/wp-content\/uploads\/2024\/02\/ED20903FEBMAZATECAS_PLANTON_OAXACACIUDAD-768x513.jpg 768w, https:\/\/sue\u00f1adignidad.com\/wp-content\/uploads\/2024\/02\/ED20903FEBMAZATECAS_PLANTON_OAXACACIUDAD-1536x1025.jpg 1536w, https:\/\/sue\u00f1adignidad.com\/wp-content\/uploads\/2024\/02\/ED20903FEBMAZATECAS_PLANTON_OAXACACIUDAD.jpg 2048w\" sizes=\"auto, (max-width: 1024px) 100vw, 1024px\" \/><\/figure>\n\n\n\n<figure class=\"wp-block-image size-large\"><img loading=\"lazy\" decoding=\"async\" width=\"684\" height=\"1024\" data-id=\"932\" src=\"https:\/\/sue\u00f1adignidad.com\/wp-content\/uploads\/2024\/02\/ED20824FEBMAZATECAS_PLANTON_OAXACACIUDAD-684x1024.jpg\" alt=\"\" class=\"wp-image-932\" srcset=\"https:\/\/sue\u00f1adignidad.com\/wp-content\/uploads\/2024\/02\/ED20824FEBMAZATECAS_PLANTON_OAXACACIUDAD-684x1024.jpg 684w, https:\/\/sue\u00f1adignidad.com\/wp-content\/uploads\/2024\/02\/ED20824FEBMAZATECAS_PLANTON_OAXACACIUDAD-200x300.jpg 200w, https:\/\/sue\u00f1adignidad.com\/wp-content\/uploads\/2024\/02\/ED20824FEBMAZATECAS_PLANTON_OAXACACIUDAD-768x1151.jpg 768w, https:\/\/sue\u00f1adignidad.com\/wp-content\/uploads\/2024\/02\/ED20824FEBMAZATECAS_PLANTON_OAXACACIUDAD-1025x1536.jpg 1025w, https:\/\/sue\u00f1adignidad.com\/wp-content\/uploads\/2024\/02\/ED20824FEBMAZATECAS_PLANTON_OAXACACIUDAD.jpg 1367w\" sizes=\"auto, (max-width: 684px) 100vw, 684px\" \/><\/figure>\n\n\n\n<figure class=\"wp-block-image size-large\"><img loading=\"lazy\" decoding=\"async\" width=\"1024\" height=\"753\" data-id=\"948\" src=\"https:\/\/sue\u00f1adignidad.com\/wp-content\/uploads\/2024\/02\/ED20881FEBMAZATECAS_PLANTON_OAXACACIUDAD-1024x753.jpg\" alt=\"\" class=\"wp-image-948\" srcset=\"https:\/\/sue\u00f1adignidad.com\/wp-content\/uploads\/2024\/02\/ED20881FEBMAZATECAS_PLANTON_OAXACACIUDAD-1024x753.jpg 1024w, https:\/\/sue\u00f1adignidad.com\/wp-content\/uploads\/2024\/02\/ED20881FEBMAZATECAS_PLANTON_OAXACACIUDAD-300x221.jpg 300w, https:\/\/sue\u00f1adignidad.com\/wp-content\/uploads\/2024\/02\/ED20881FEBMAZATECAS_PLANTON_OAXACACIUDAD-768x565.jpg 768w, https:\/\/sue\u00f1adignidad.com\/wp-content\/uploads\/2024\/02\/ED20881FEBMAZATECAS_PLANTON_OAXACACIUDAD-1536x1130.jpg 1536w, https:\/\/sue\u00f1adignidad.com\/wp-content\/uploads\/2024\/02\/ED20881FEBMAZATECAS_PLANTON_OAXACACIUDAD.jpg 2048w\" sizes=\"auto, (max-width: 1024px) 100vw, 1024px\" \/><\/figure>\n\n\n\n<figure class=\"wp-block-image size-large\"><img loading=\"lazy\" decoding=\"async\" width=\"1024\" height=\"684\" data-id=\"938\" src=\"https:\/\/sue\u00f1adignidad.com\/wp-content\/uploads\/2024\/02\/ED20852FEBMAZATECAS_PLANTON_OAXACACIUDAD-1024x684.jpg\" alt=\"\" class=\"wp-image-938\" srcset=\"https:\/\/sue\u00f1adignidad.com\/wp-content\/uploads\/2024\/02\/ED20852FEBMAZATECAS_PLANTON_OAXACACIUDAD-1024x684.jpg 1024w, https:\/\/sue\u00f1adignidad.com\/wp-content\/uploads\/2024\/02\/ED20852FEBMAZATECAS_PLANTON_OAXACACIUDAD-300x200.jpg 300w, https:\/\/sue\u00f1adignidad.com\/wp-content\/uploads\/2024\/02\/ED20852FEBMAZATECAS_PLANTON_OAXACACIUDAD-768x513.jpg 768w, https:\/\/sue\u00f1adignidad.com\/wp-content\/uploads\/2024\/02\/ED20852FEBMAZATECAS_PLANTON_OAXACACIUDAD-1536x1025.jpg 1536w, https:\/\/sue\u00f1adignidad.com\/wp-content\/uploads\/2024\/02\/ED20852FEBMAZATECAS_PLANTON_OAXACACIUDAD.jpg 2048w\" sizes=\"auto, (max-width: 1024px) 100vw, 1024px\" \/><\/figure>\n<\/figure>\n        <div class=\"booster-block booster-reactions-block\">\n            <div class=\"twp-reactions-icons\">\n                \n                <div class=\"twp-reacts-wrap\">\n                    <a react-data=\"be-react-1\" post-id=\"925\" class=\"be-face-icons un-reacted\" href=\"javascript:void(0)\">\n                        <img decoding=\"async\" src=\"https:\/\/sue\u00f1adignidad.com\/wp-content\/plugins\/booster-extension\/\/assets\/icon\/happy.svg\" alt=\"Happy\">\n                    <\/a>\n                    <div class=\"twp-reaction-title\">\n                        Happy                    <\/div>\n                    <div class=\"twp-count-percent\">\n                                                    <span style=\"display: none;\" class=\"twp-react-count\">0<\/span>\n                        \n                                                <span class=\"twp-react-percent\"><span>0<\/span> %<\/span>\n                                            <\/div>\n                <\/div>\n\n                <div class=\"twp-reacts-wrap\">\n                    <a react-data=\"be-react-2\" post-id=\"925\" class=\"be-face-icons un-reacted\" href=\"javascript:void(0)\">\n                        <img decoding=\"async\" src=\"https:\/\/sue\u00f1adignidad.com\/wp-content\/plugins\/booster-extension\/\/assets\/icon\/sad.svg\" alt=\"Sad\">\n                    <\/a>\n                    <div class=\"twp-reaction-title\">\n                        Sad                    <\/div>\n                    <div class=\"twp-count-percent\">\n                                                    <span style=\"display: none;\" class=\"twp-react-count\">0<\/span>\n                                                                        <span class=\"twp-react-percent\"><span>0<\/span> %<\/span>\n                                            <\/div>\n                <\/div>\n\n                <div class=\"twp-reacts-wrap\">\n                    <a react-data=\"be-react-3\" post-id=\"925\" class=\"be-face-icons un-reacted\" href=\"javascript:void(0)\">\n                        <img decoding=\"async\" src=\"https:\/\/sue\u00f1adignidad.com\/wp-content\/plugins\/booster-extension\/\/assets\/icon\/excited.svg\" alt=\"Excited\">\n                    <\/a>\n                    <div class=\"twp-reaction-title\">\n                        Excited                    <\/div>\n                    <div class=\"twp-count-percent\">\n                                                    <span style=\"display: none;\" class=\"twp-react-count\">0<\/span>\n                                                                        <span class=\"twp-react-percent\"><span>0<\/span> %<\/span>\n                                            <\/div>\n                <\/div>\n\n                <div class=\"twp-reacts-wrap\">\n                    <a react-data=\"be-react-6\" post-id=\"925\" class=\"be-face-icons un-reacted\" href=\"javascript:void(0)\">\n                        <img decoding=\"async\" src=\"https:\/\/sue\u00f1adignidad.com\/wp-content\/plugins\/booster-extension\/\/assets\/icon\/sleepy.svg\" alt=\"Sleepy\">\n                    <\/a>\n                    <div class=\"twp-reaction-title\">\n                        Sleepy                    <\/div>\n                    <div class=\"twp-count-percent\">\n                                                    <span style=\"display: none;\" class=\"twp-react-count\">0<\/span>\n                        \n                                                <span class=\"twp-react-percent\"><span>0<\/span> %<\/span>\n                                            <\/div>\n                <\/div>\n\n                <div class=\"twp-reacts-wrap\">\n                    <a react-data=\"be-react-4\" post-id=\"925\" class=\"be-face-icons un-reacted\" href=\"javascript:void(0)\">\n                        <img decoding=\"async\" src=\"https:\/\/sue\u00f1adignidad.com\/wp-content\/plugins\/booster-extension\/\/assets\/icon\/angry.svg\" alt=\"Angry\">\n                    <\/a>\n                    <div class=\"twp-reaction-title\">Angry<\/div>\n                    <div class=\"twp-count-percent\">\n                                                    <span style=\"display: none;\" class=\"twp-react-count\">0<\/span>\n                                                                        <span class=\"twp-react-percent\"><span>0<\/span> %<\/span>\n                        \n                    <\/div>\n                <\/div>\n\n                <div class=\"twp-reacts-wrap\">\n                    <a react-data=\"be-react-5\" post-id=\"925\" class=\"be-face-icons un-reacted\" href=\"javascript:void(0)\">\n                        <img decoding=\"async\" src=\"https:\/\/sue\u00f1adignidad.com\/wp-content\/plugins\/booster-extension\/\/assets\/icon\/surprise.svg\" alt=\"Surprise\">\n                    <\/a>\n                    <div class=\"twp-reaction-title\">Surprise<\/div>\n                    <div class=\"twp-count-percent\">\n                                                    <span style=\"display: none;\" class=\"twp-react-count\">0<\/span>\n                                                                        <span class=\"twp-react-percent\"><span>0<\/span> %<\/span>\n                                            <\/div>\n                <\/div>\n\n            <\/div>\n        <\/div>\n\n    ","protected":false},"excerpt":{"rendered":"<p>En los \u00faltimos d\u00edas, las calles de Oaxaca se han convertido en el escenario de una lucha encarnizada por la libertad y la justicia de las mujeres mazatecas que buscan libertad para su comunidad y seres queridos desde hace nueve a\u00f1os. La situaci\u00f3n es cr\u00edtica: las libertades de siete mazatecos de Eloxochitl\u00e1n est\u00e1n en peligro inminente. <\/p>\n","protected":false},"author":1,"featured_media":944,"comment_status":"open","ping_status":"open","sticky":false,"template":"","format":"standard","meta":{"site-sidebar-layout":"default","site-content-layout":"","ast-site-content-layout":"default","site-content-style":"default","site-sidebar-style":"default","ast-global-header-display":"","ast-banner-title-visibility":"","ast-main-header-display":"","ast-hfb-above-header-display":"","ast-hfb-below-header-display":"","ast-hfb-mobile-header-display":"","site-post-title":"","ast-breadcrumbs-content":"","ast-featured-img":"","footer-sml-layout":"","ast-disable-related-posts":"","theme-transparent-header-meta":"","adv-header-id-meta":"","stick-header-meta":"","header-above-stick-meta":"","header-main-stick-meta":"","header-below-stick-meta":"","astra-migrate-meta-layouts":"default","ast-page-background-enabled":"default","ast-page-background-meta":{"desktop":{"background-color":"var(--ast-global-color-5)","background-image":"","background-repeat":"repeat","background-position":"center center","background-size":"auto","background-attachment":"scroll","background-type":"","background-media":"","overlay-type":"","overlay-color":"","overlay-opacity":"","overlay-gradient":""},"tablet":{"background-color":"","background-image":"","background-repeat":"repeat","background-position":"center center","background-size":"auto","background-attachment":"scroll","background-type":"","background-media":"","overlay-type":"","overlay-color":"","overlay-opacity":"","overlay-gradient":""},"mobile":{"background-color":"","background-image":"","background-repeat":"repeat","background-position":"center center","background-size":"auto","background-attachment":"scroll","background-type":"","background-media":"","overlay-type":"","overlay-color":"","overlay-opacity":"","overlay-gradient":""}},"ast-content-background-meta":{"desktop":{"background-color":"var(--ast-global-color-4)","background-image":"","background-repeat":"repeat","background-position":"center center","background-size":"auto","background-attachment":"scroll","background-type":"","background-media":"","overlay-type":"","overlay-color":"","overlay-opacity":"","overlay-gradient":""},"tablet":{"background-color":"var(--ast-global-color-4)","background-image":"","background-repeat":"repeat","background-position":"center center","background-size":"auto","background-attachment":"scroll","background-type":"","background-media":"","overlay-type":"","overlay-color":"","overlay-opacity":"","overlay-gradient":""},"mobile":{"background-color":"var(--ast-global-color-4)","background-image":"","background-repeat":"repeat","background-position":"center center","background-size":"auto","background-attachment":"scroll","background-type":"","background-media":"","overlay-type":"","overlay-color":"","overlay-opacity":"","overlay-gradient":""}},"footnotes":""},"categories":[18,1],"tags":[47,25,49,48,45,29],"class_list":["post-925","post","type-post","status-publish","format-standard","has-post-thumbnail","hentry","category-coberturas","category-uncategorized","tag-elox","tag-eloxochitlan","tag-indigenas","tag-mazatecas","tag-resitencia","tag-tierrayterritorio"],"_links":{"self":[{"href":"https:\/\/sue\u00f1adignidad.com\/index.php?rest_route=\/wp\/v2\/posts\/925","targetHints":{"allow":["GET"]}}],"collection":[{"href":"https:\/\/sue\u00f1adignidad.com\/index.php?rest_route=\/wp\/v2\/posts"}],"about":[{"href":"https:\/\/sue\u00f1adignidad.com\/index.php?rest_route=\/wp\/v2\/types\/post"}],"author":[{"embeddable":true,"href":"https:\/\/sue\u00f1adignidad.com\/index.php?rest_route=\/wp\/v2\/users\/1"}],"replies":[{"embeddable":true,"href":"https:\/\/sue\u00f1adignidad.com\/index.php?rest_route=%2Fwp%2Fv2%2Fcomments&post=925"}],"version-history":[{"count":12,"href":"https:\/\/sue\u00f1adignidad.com\/index.php?rest_route=\/wp\/v2\/posts\/925\/revisions"}],"predecessor-version":[{"id":2697,"href":"https:\/\/sue\u00f1adignidad.com\/index.php?rest_route=\/wp\/v2\/posts\/925\/revisions\/2697"}],"wp:featuredmedia":[{"embeddable":true,"href":"https:\/\/sue\u00f1adignidad.com\/index.php?rest_route=\/wp\/v2\/media\/944"}],"wp:attachment":[{"href":"https:\/\/sue\u00f1adignidad.com\/index.php?rest_route=%2Fwp%2Fv2%2Fmedia&parent=925"}],"wp:term":[{"taxonomy":"category","embeddable":true,"href":"https:\/\/sue\u00f1adignidad.com\/index.php?rest_route=%2Fwp%2Fv2%2Fcategories&post=925"},{"taxonomy":"post_tag","embeddable":true,"href":"https:\/\/sue\u00f1adignidad.com\/index.php?rest_route=%2Fwp%2Fv2%2Ftags&post=925"}],"curies":[{"name":"wp","href":"https:\/\/api.w.org\/{rel}","templated":true}]}}