{"id":465,"date":"2023-06-13T14:38:15","date_gmt":"2023-06-13T19:38:15","guid":{"rendered":"https:\/\/sue\u00f1adignidad.com\/?p=465"},"modified":"2023-06-13T14:49:14","modified_gmt":"2023-06-13T19:49:14","slug":"nuestras-armas-son-la-verdad-y-la-palabra-mujeres-mazatecas-crean-comite-de-autodefensas","status":"publish","type":"post","link":"https:\/\/sue\u00f1adignidad.com\/?p=465","title":{"rendered":"Nuestras armas son la verdad y la palabra: Mujeres mazatecas crean Comit\u00e9 de Autodefensas"},"content":{"rendered":"<div class='booster-block booster-read-block'>\n                <div class=\"twp-read-time\">\n                \t<i class=\"booster-icon twp-clock\"><\/i> <span>Read Time:<\/span>3 Minute, 23 Second                <\/div>\n\n            <\/div>\n<p class=\"has-text-align-left\" id=\"mazatecasautodefensas\">Las Mujeres Mazatecas por la Libertad, de Eloxochitl\u00e1n de Flores Mag\u00f3n en Oaxaca, M\u00e9xico, forman una asamblea ind\u00edgena comunitaria de Mujeres por la libertad de sus presos y desplazados pol\u00edticos para exigir justicia y denunciar la violencia policial desde hace m\u00e1s de ocho a\u00f1os.<\/p>\n\n\n\n<p id=\"Mujeres-mazatecas-autodefensas\">El d\u00eda de ayer leyeron su manifiesto frente a unas barricadas en Barrio Escopeta, Eloxochitl\u00e1n de Flores M\u00e1gon, Oaxaca, d\u00f3nde se conformaron como el Comit\u00e9 de Mujeres Autodefensas por la libertad, con sus palabras celebraron la valent\u00eda de aquellos que demandaron justicia tras la muerte de un menor de edad llamado Gelacio P.R. a manos de la fuerza policial del gobierno en turno de la comunidad, mencionando la preocupaci\u00f3n por sus hijos a terminar en una situaci\u00f3n similar a la de Gelacio ante el riesgo de una detenci\u00f3n arbitraria.<\/p>\n\n\n\n<figure class=\"wp-block-gallery has-nested-images columns-default is-cropped wp-block-gallery-1 is-layout-flex wp-block-gallery-is-layout-flex\">\n<figure class=\"wp-block-image size-large\"><img loading=\"lazy\" decoding=\"async\" width=\"1024\" height=\"684\" data-id=\"476\" src=\"https:\/\/sue\u00f1adignidad.com\/wp-content\/uploads\/2023\/06\/WhatsApp-Image-2023-06-12-at-21.29.34-1-1024x684.jpeg\" alt=\"\" class=\"wp-image-476\" srcset=\"https:\/\/sue\u00f1adignidad.com\/wp-content\/uploads\/2023\/06\/WhatsApp-Image-2023-06-12-at-21.29.34-1-1024x684.jpeg 1024w, https:\/\/sue\u00f1adignidad.com\/wp-content\/uploads\/2023\/06\/WhatsApp-Image-2023-06-12-at-21.29.34-1-300x200.jpeg 300w, https:\/\/sue\u00f1adignidad.com\/wp-content\/uploads\/2023\/06\/WhatsApp-Image-2023-06-12-at-21.29.34-1-768x513.jpeg 768w, https:\/\/sue\u00f1adignidad.com\/wp-content\/uploads\/2023\/06\/WhatsApp-Image-2023-06-12-at-21.29.34-1-1536x1025.jpeg 1536w, https:\/\/sue\u00f1adignidad.com\/wp-content\/uploads\/2023\/06\/WhatsApp-Image-2023-06-12-at-21.29.34-1.jpeg 1600w\" sizes=\"auto, (max-width: 1024px) 100vw, 1024px\" \/><figcaption class=\"wp-element-caption\">Foto Elizabeth D\u00edaz<\/figcaption><\/figure>\n\n\n\n<figure class=\"wp-block-image size-large\"><img loading=\"lazy\" decoding=\"async\" width=\"1024\" height=\"684\" data-id=\"472\" src=\"https:\/\/sue\u00f1adignidad.com\/wp-content\/uploads\/2023\/06\/WhatsApp-Image-2023-06-12-at-21.29.37-1024x684.jpeg\" alt=\"\" class=\"wp-image-472\" srcset=\"https:\/\/sue\u00f1adignidad.com\/wp-content\/uploads\/2023\/06\/WhatsApp-Image-2023-06-12-at-21.29.37-1024x684.jpeg 1024w, https:\/\/sue\u00f1adignidad.com\/wp-content\/uploads\/2023\/06\/WhatsApp-Image-2023-06-12-at-21.29.37-300x200.jpeg 300w, https:\/\/sue\u00f1adignidad.com\/wp-content\/uploads\/2023\/06\/WhatsApp-Image-2023-06-12-at-21.29.37-768x513.jpeg 768w, https:\/\/sue\u00f1adignidad.com\/wp-content\/uploads\/2023\/06\/WhatsApp-Image-2023-06-12-at-21.29.37-1536x1025.jpeg 1536w, https:\/\/sue\u00f1adignidad.com\/wp-content\/uploads\/2023\/06\/WhatsApp-Image-2023-06-12-at-21.29.37.jpeg 1600w\" sizes=\"auto, (max-width: 1024px) 100vw, 1024px\" \/><figcaption class=\"wp-element-caption\">Foto Elizabeth D\u00edaz<\/figcaption><\/figure>\n<\/figure>\n\n\n\n<p class=\"has-black-color has-text-color has-small-font-size\" id=\"mujerees-autodefensas\">El joven Gelacio se resisti\u00f3 a la detenci\u00f3n arbitraria de su padre y fue asesinado por polic\u00edas de la localodad. Las detenciones arbitrarias y la prisi\u00f3n pol\u00edtica son una realidad en Eloxochitl\u00e1n, donde las familias viven con miedo a la intervenci\u00f3n de las fuerzas armadas en sus hogares. Gelacio era vecino de los hijos de los presos pol\u00edticos Francisco Dur\u00e1n Ort\u00edz y Herminio Monfil Avenda\u00f1o, quienes tambi\u00e9n fueron detenidos y torturados irregularmente. Las mujeres defensoras afirman que sus hijos corren el mismo riesgo y exigen la libertad de los presos pol\u00edticos. Se declaran v\u00edctimas de un sistema de justicia corrupto y denuncian la complicidad de los gobiernos estatales. <\/p>\n\n\n\n<blockquote class=\"wp-block-quote is-layout-flow wp-block-quote-is-layout-flow\">\n<p>No vamos a permitir que nos toquen, que toquen nuestros hogares donde estamos nosotras<br>y nuestros menores hijos. No vamos a permitir que agarren a nuestros hijos, hermanos,<br>padres y esposos. \u00a1Son inocentes! Ellos ganaron los mismos amparos que nosotras; nosotras<br>estamos libres, pero ellos no, por el puro capricho de grupos de poder que se benefician de<br>la prisi\u00f3n pol\u00edtica de comuneros de Eloxochitl\u00e1n de Flores Mag\u00f3n. \u00a1Ya Basta! Por eso<br>hermanxs, con este Manifiesto, nos conformamos en un Comit\u00e9 de Mujeres Autodefensas<br>por la libertad. Nuestras armas son: la verdad y la palabra.<\/p>\n<cite>Mujeres Autodefensas por la libertad<\/cite><\/blockquote>\n\n\n\n<p>Qui\u00e9nes est\u00e1n dispuestas a defender su libertad y territorio, el d\u00eda comenz\u00f3 con un ritual d\u00f3nde agradecieron a la tierra por mantenerlas firmes ante la lucha para despu\u00e9s leer un manifiesto d\u00f3nde demandaron:<\/p>\n\n\n\n<figure class=\"wp-block-gallery has-nested-images columns-default is-cropped wp-block-gallery-2 is-layout-flex wp-block-gallery-is-layout-flex\">\n<figure class=\"wp-block-image size-large\"><img loading=\"lazy\" decoding=\"async\" width=\"1024\" height=\"684\" data-id=\"469\" src=\"https:\/\/sue\u00f1adignidad.com\/wp-content\/uploads\/2023\/06\/WhatsApp-Image-2023-06-12-at-21.29.38-1-1024x684.jpeg\" alt=\"\" class=\"wp-image-469\" srcset=\"https:\/\/sue\u00f1adignidad.com\/wp-content\/uploads\/2023\/06\/WhatsApp-Image-2023-06-12-at-21.29.38-1-1024x684.jpeg 1024w, https:\/\/sue\u00f1adignidad.com\/wp-content\/uploads\/2023\/06\/WhatsApp-Image-2023-06-12-at-21.29.38-1-300x200.jpeg 300w, https:\/\/sue\u00f1adignidad.com\/wp-content\/uploads\/2023\/06\/WhatsApp-Image-2023-06-12-at-21.29.38-1-768x513.jpeg 768w, https:\/\/sue\u00f1adignidad.com\/wp-content\/uploads\/2023\/06\/WhatsApp-Image-2023-06-12-at-21.29.38-1-1536x1025.jpeg 1536w, https:\/\/sue\u00f1adignidad.com\/wp-content\/uploads\/2023\/06\/WhatsApp-Image-2023-06-12-at-21.29.38-1.jpeg 1600w\" sizes=\"auto, (max-width: 1024px) 100vw, 1024px\" \/><figcaption class=\"wp-element-caption\">Foto Elizabeth D\u00edaz<\/figcaption><\/figure>\n\n\n\n<figure class=\"wp-block-image size-large\"><img loading=\"lazy\" decoding=\"async\" width=\"1024\" height=\"684\" data-id=\"478\" src=\"https:\/\/sue\u00f1adignidad.com\/wp-content\/uploads\/2023\/06\/WhatsApp-Image-2023-06-12-at-21.29.33-1-1024x684.jpeg\" alt=\"\" class=\"wp-image-478\" srcset=\"https:\/\/sue\u00f1adignidad.com\/wp-content\/uploads\/2023\/06\/WhatsApp-Image-2023-06-12-at-21.29.33-1-1024x684.jpeg 1024w, https:\/\/sue\u00f1adignidad.com\/wp-content\/uploads\/2023\/06\/WhatsApp-Image-2023-06-12-at-21.29.33-1-300x200.jpeg 300w, https:\/\/sue\u00f1adignidad.com\/wp-content\/uploads\/2023\/06\/WhatsApp-Image-2023-06-12-at-21.29.33-1-768x513.jpeg 768w, https:\/\/sue\u00f1adignidad.com\/wp-content\/uploads\/2023\/06\/WhatsApp-Image-2023-06-12-at-21.29.33-1-1536x1025.jpeg 1536w, https:\/\/sue\u00f1adignidad.com\/wp-content\/uploads\/2023\/06\/WhatsApp-Image-2023-06-12-at-21.29.33-1.jpeg 1600w\" sizes=\"auto, (max-width: 1024px) 100vw, 1024px\" \/><figcaption class=\"wp-element-caption\">Foto Elizabeth D\u00edaz<\/figcaption><\/figure>\n<\/figure>\n\n\n\n<p>Demandando al Gobernador Salom\u00f3n Jara Cruz que en l\u00ednea con los est\u00e1ndares internacionales de derechos humanos, se pronuncie a favor del cese inmediato de la prisi\u00f3n preventiva de los presos pol\u00edticos mazatecos de Eloxochitl\u00e1n: Jaime Betanzos, Herminio Monfil, Alfredo Bola\u00f1os, Fernando Gavito, Omar Morales y Francisco Dur\u00e1n. Estos individuos llevan nueve y cinco a\u00f1os en prisi\u00f3n preventiva, sin haber sido juzgados ni tener derecho a una sentencia. Adem\u00e1s, se solicita que se revierta la sentencia de 50 a\u00f1os impuesta a Miguel Peralta, un claro ejemplo de persecuci\u00f3n pol\u00edtica.<\/p>\n\n\n\n<p>Ademas de exigirle  implementar una pol\u00edtica integral de atenci\u00f3n a los desplazados de Eloxochitl\u00e1n en lugar de permitir los cateos, ya que estos podr\u00edan generar riesgos graves como el ocurrido con el menor Gelacio. Se solicita con urgencia que la Fiscal\u00eda General examine las \u00f3rdenes de aprehensi\u00f3n y las retire, evitando as\u00ed el ejercicio de la acci\u00f3n penal contra los perseguidos pol\u00edticos.<\/p>\n\n\n\n<p>Sumando a sus peticiones al Presidente Andr\u00e9s Manuel:<\/p>\n\n\n\n<blockquote class=\"wp-block-quote is-layout-flow wp-block-quote-is-layout-flow\">\n<p>Demandamos del Presidente Andr\u00e9s Manuel L\u00f3pez Obrador revisar las condiciones del<br>Estado de Derecho en el Estado de Oaxaca, donde reina la impunidad con el 100% de casos<br>en feminicidios y homicidios dolosos y, por otro lado, al ocupar el tercer lugar en la<br>fabricaci\u00f3n de delitos graves para sostener la prisi\u00f3n pol\u00edcia que a nueve a\u00f1os lesiona<br>gravemente a cuarenta familias ind\u00edgenas.<\/p>\n<cite>Mujeres Autodefensas por la Libertad<\/cite><\/blockquote>\n\n\n\n<figure class=\"wp-block-gallery has-nested-images columns-default is-cropped wp-block-gallery-3 is-layout-flex wp-block-gallery-is-layout-flex\">\n<figure class=\"wp-block-image size-large\"><img loading=\"lazy\" decoding=\"async\" width=\"1024\" height=\"684\" data-id=\"475\" src=\"https:\/\/sue\u00f1adignidad.com\/wp-content\/uploads\/2023\/06\/WhatsApp-Image-2023-06-12-at-21.29.35-1024x684.jpeg\" alt=\"\" class=\"wp-image-475\" srcset=\"https:\/\/sue\u00f1adignidad.com\/wp-content\/uploads\/2023\/06\/WhatsApp-Image-2023-06-12-at-21.29.35-1024x684.jpeg 1024w, https:\/\/sue\u00f1adignidad.com\/wp-content\/uploads\/2023\/06\/WhatsApp-Image-2023-06-12-at-21.29.35-300x200.jpeg 300w, https:\/\/sue\u00f1adignidad.com\/wp-content\/uploads\/2023\/06\/WhatsApp-Image-2023-06-12-at-21.29.35-768x513.jpeg 768w, https:\/\/sue\u00f1adignidad.com\/wp-content\/uploads\/2023\/06\/WhatsApp-Image-2023-06-12-at-21.29.35-1536x1025.jpeg 1536w, https:\/\/sue\u00f1adignidad.com\/wp-content\/uploads\/2023\/06\/WhatsApp-Image-2023-06-12-at-21.29.35.jpeg 1600w\" sizes=\"auto, (max-width: 1024px) 100vw, 1024px\" \/><figcaption class=\"wp-element-caption\">Foto Elizabeth D\u00edaz<\/figcaption><\/figure>\n\n\n\n<figure class=\"wp-block-image size-large\"><img loading=\"lazy\" decoding=\"async\" width=\"1024\" height=\"684\" data-id=\"470\" src=\"https:\/\/sue\u00f1adignidad.com\/wp-content\/uploads\/2023\/06\/WhatsApp-Image-2023-06-12-at-21.29.38-1024x684.jpeg\" alt=\"\" class=\"wp-image-470\" srcset=\"https:\/\/sue\u00f1adignidad.com\/wp-content\/uploads\/2023\/06\/WhatsApp-Image-2023-06-12-at-21.29.38-1024x684.jpeg 1024w, https:\/\/sue\u00f1adignidad.com\/wp-content\/uploads\/2023\/06\/WhatsApp-Image-2023-06-12-at-21.29.38-300x200.jpeg 300w, https:\/\/sue\u00f1adignidad.com\/wp-content\/uploads\/2023\/06\/WhatsApp-Image-2023-06-12-at-21.29.38-768x513.jpeg 768w, https:\/\/sue\u00f1adignidad.com\/wp-content\/uploads\/2023\/06\/WhatsApp-Image-2023-06-12-at-21.29.38-1536x1025.jpeg 1536w, https:\/\/sue\u00f1adignidad.com\/wp-content\/uploads\/2023\/06\/WhatsApp-Image-2023-06-12-at-21.29.38.jpeg 1600w\" sizes=\"auto, (max-width: 1024px) 100vw, 1024px\" \/><figcaption class=\"wp-element-caption\">Foto Elizabeth D\u00edaz<\/figcaption><\/figure>\n\n\n\n<figure class=\"wp-block-image size-large\"><img loading=\"lazy\" decoding=\"async\" width=\"1024\" height=\"684\" data-id=\"471\" src=\"https:\/\/sue\u00f1adignidad.com\/wp-content\/uploads\/2023\/06\/WhatsApp-Image-2023-06-12-at-21.29.37-1-1024x684.jpeg\" alt=\"\" class=\"wp-image-471\" srcset=\"https:\/\/sue\u00f1adignidad.com\/wp-content\/uploads\/2023\/06\/WhatsApp-Image-2023-06-12-at-21.29.37-1-1024x684.jpeg 1024w, https:\/\/sue\u00f1adignidad.com\/wp-content\/uploads\/2023\/06\/WhatsApp-Image-2023-06-12-at-21.29.37-1-300x200.jpeg 300w, https:\/\/sue\u00f1adignidad.com\/wp-content\/uploads\/2023\/06\/WhatsApp-Image-2023-06-12-at-21.29.37-1-768x513.jpeg 768w, https:\/\/sue\u00f1adignidad.com\/wp-content\/uploads\/2023\/06\/WhatsApp-Image-2023-06-12-at-21.29.37-1-1536x1025.jpeg 1536w, https:\/\/sue\u00f1adignidad.com\/wp-content\/uploads\/2023\/06\/WhatsApp-Image-2023-06-12-at-21.29.37-1.jpeg 1600w\" sizes=\"auto, (max-width: 1024px) 100vw, 1024px\" \/><figcaption class=\"wp-element-caption\">Foto Elizabeth D\u00edaz<\/figcaption><\/figure>\n<\/figure>\n\n\n\n<p>Para finalizar el d\u00eda con la entrega de bastones de mando comunitario y la oficializaci\u00f3n de la instalaci\u00f3n del comit\u00e9, en el que mantendr\u00e1n por las noches encendidas antorchas frente a sus casas, como signo de defensa comunitaria ante cualquier amenaza.<\/p>\n\n\n\n<blockquote class=\"wp-block-quote is-layout-flow wp-block-quote-is-layout-flow\">\n<p>\u00a1Mientras no hay Justicia, no hay Paz! \u00a1No a la militarizaci\u00f3n de las comunidades ind\u00edgenas!<\/p>\n<cite>Mujeres Autodefensas por la Libertad<\/cite><\/blockquote>\n\n\n\n<figure class=\"wp-block-image size-large\"><img loading=\"lazy\" decoding=\"async\" width=\"1024\" height=\"685\" src=\"https:\/\/sue\u00f1adignidad.com\/wp-content\/uploads\/2023\/06\/WhatsApp-Image-2023-06-12-at-21.29.38-2-1024x685.jpeg\" alt=\"\" class=\"wp-image-468\" srcset=\"https:\/\/sue\u00f1adignidad.com\/wp-content\/uploads\/2023\/06\/WhatsApp-Image-2023-06-12-at-21.29.38-2-1024x685.jpeg 1024w, https:\/\/sue\u00f1adignidad.com\/wp-content\/uploads\/2023\/06\/WhatsApp-Image-2023-06-12-at-21.29.38-2-300x201.jpeg 300w, https:\/\/sue\u00f1adignidad.com\/wp-content\/uploads\/2023\/06\/WhatsApp-Image-2023-06-12-at-21.29.38-2-768x514.jpeg 768w, https:\/\/sue\u00f1adignidad.com\/wp-content\/uploads\/2023\/06\/WhatsApp-Image-2023-06-12-at-21.29.38-2-1536x1027.jpeg 1536w, https:\/\/sue\u00f1adignidad.com\/wp-content\/uploads\/2023\/06\/WhatsApp-Image-2023-06-12-at-21.29.38-2.jpeg 1600w\" sizes=\"auto, (max-width: 1024px) 100vw, 1024px\" \/><figcaption class=\"wp-element-caption\">Foto Elizabeth D\u00edaz<\/figcaption><\/figure>\n        <div class=\"booster-block booster-reactions-block\">\n            <div class=\"twp-reactions-icons\">\n                \n                <div class=\"twp-reacts-wrap\">\n                    <a react-data=\"be-react-1\" post-id=\"465\" class=\"be-face-icons un-reacted\" href=\"javascript:void(0)\">\n                        <img decoding=\"async\" src=\"https:\/\/sue\u00f1adignidad.com\/wp-content\/plugins\/booster-extension\/\/assets\/icon\/happy.svg\" alt=\"Happy\">\n                    <\/a>\n                    <div class=\"twp-reaction-title\">\n                        Happy                    <\/div>\n                    <div class=\"twp-count-percent\">\n                                                    <span style=\"display: none;\" class=\"twp-react-count\">0<\/span>\n                        \n                                                <span class=\"twp-react-percent\"><span>0<\/span> %<\/span>\n                                            <\/div>\n                <\/div>\n\n                <div class=\"twp-reacts-wrap\">\n                    <a react-data=\"be-react-2\" post-id=\"465\" class=\"be-face-icons un-reacted\" href=\"javascript:void(0)\">\n                        <img decoding=\"async\" src=\"https:\/\/sue\u00f1adignidad.com\/wp-content\/plugins\/booster-extension\/\/assets\/icon\/sad.svg\" alt=\"Sad\">\n                    <\/a>\n                    <div class=\"twp-reaction-title\">\n                        Sad                    <\/div>\n                    <div class=\"twp-count-percent\">\n                                                    <span style=\"display: none;\" class=\"twp-react-count\">0<\/span>\n                                                                        <span class=\"twp-react-percent\"><span>0<\/span> %<\/span>\n                                            <\/div>\n                <\/div>\n\n                <div class=\"twp-reacts-wrap\">\n                    <a react-data=\"be-react-3\" post-id=\"465\" class=\"be-face-icons un-reacted\" href=\"javascript:void(0)\">\n                        <img decoding=\"async\" src=\"https:\/\/sue\u00f1adignidad.com\/wp-content\/plugins\/booster-extension\/\/assets\/icon\/excited.svg\" alt=\"Excited\">\n                    <\/a>\n                    <div class=\"twp-reaction-title\">\n                        Excited                    <\/div>\n                    <div class=\"twp-count-percent\">\n                                                    <span style=\"display: none;\" class=\"twp-react-count\">0<\/span>\n                                                                        <span class=\"twp-react-percent\"><span>0<\/span> %<\/span>\n                                            <\/div>\n                <\/div>\n\n                <div class=\"twp-reacts-wrap\">\n                    <a react-data=\"be-react-6\" post-id=\"465\" class=\"be-face-icons un-reacted\" href=\"javascript:void(0)\">\n                        <img decoding=\"async\" src=\"https:\/\/sue\u00f1adignidad.com\/wp-content\/plugins\/booster-extension\/\/assets\/icon\/sleepy.svg\" alt=\"Sleepy\">\n                    <\/a>\n                    <div class=\"twp-reaction-title\">\n                        Sleepy                    <\/div>\n                    <div class=\"twp-count-percent\">\n                                                    <span style=\"display: none;\" class=\"twp-react-count\">0<\/span>\n                        \n                                                <span class=\"twp-react-percent\"><span>0<\/span> %<\/span>\n                                            <\/div>\n                <\/div>\n\n                <div class=\"twp-reacts-wrap\">\n                    <a react-data=\"be-react-4\" post-id=\"465\" class=\"be-face-icons un-reacted\" href=\"javascript:void(0)\">\n                        <img decoding=\"async\" src=\"https:\/\/sue\u00f1adignidad.com\/wp-content\/plugins\/booster-extension\/\/assets\/icon\/angry.svg\" alt=\"Angry\">\n                    <\/a>\n                    <div class=\"twp-reaction-title\">Angry<\/div>\n                    <div class=\"twp-count-percent\">\n                                                    <span style=\"display: none;\" class=\"twp-react-count\">0<\/span>\n                                                                        <span class=\"twp-react-percent\"><span>0<\/span> %<\/span>\n                        \n                    <\/div>\n                <\/div>\n\n                <div class=\"twp-reacts-wrap\">\n                    <a react-data=\"be-react-5\" post-id=\"465\" class=\"be-face-icons un-reacted\" href=\"javascript:void(0)\">\n                        <img decoding=\"async\" src=\"https:\/\/sue\u00f1adignidad.com\/wp-content\/plugins\/booster-extension\/\/assets\/icon\/surprise.svg\" alt=\"Surprise\">\n                    <\/a>\n                    <div class=\"twp-reaction-title\">Surprise<\/div>\n                    <div class=\"twp-count-percent\">\n                                                    <span style=\"display: none;\" class=\"twp-react-count\">0<\/span>\n                                                                        <span class=\"twp-react-percent\"><span>0<\/span> %<\/span>\n                                            <\/div>\n                <\/div>\n\n            <\/div>\n        <\/div>\n\n    ","protected":false},"excerpt":{"rendered":"<p>El d\u00eda de ayer leyeron su manifiesto frente a unas barricadas en Barrio Escopeta, Eloxochitl\u00e1n de Flores M\u00e1gon, Oaxaca, d\u00f3nde se conformaron como el Comit\u00e9 de Mujeres Autodefensas por la libertad, con sus palabras celebraron la valent\u00eda de aquellos que demandaron justicia tras la muerte de un menor de edad llamado Gelacio P.R. a manos de la fuerza policial del gobierno en turno de la comunidad, mencionando la preocupaci\u00f3n por sus hijos a terminar en una situaci\u00f3n similar a la de Gelacio ante el riesgo de una detenci\u00f3n arbitraria.<\/p>\n","protected":false},"author":4,"featured_media":479,"comment_status":"open","ping_status":"open","sticky":false,"template":"","format":"standard","meta":{"site-sidebar-layout":"default","site-content-layout":"","ast-site-content-layout":"default","site-content-style":"default","site-sidebar-style":"default","ast-global-header-display":"","ast-banner-title-visibility":"","ast-main-header-display":"","ast-hfb-above-header-display":"","ast-hfb-below-header-display":"","ast-hfb-mobile-header-display":"","site-post-title":"","ast-breadcrumbs-content":"","ast-featured-img":"","footer-sml-layout":"","ast-disable-related-posts":"","theme-transparent-header-meta":"","adv-header-id-meta":"","stick-header-meta":"","header-above-stick-meta":"","header-main-stick-meta":"","header-below-stick-meta":"","astra-migrate-meta-layouts":"default","ast-page-background-enabled":"default","ast-page-background-meta":{"desktop":{"background-color":"var(--ast-global-color-5)","background-image":"","background-repeat":"repeat","background-position":"center center","background-size":"auto","background-attachment":"scroll","background-type":"","background-media":"","overlay-type":"","overlay-color":"","overlay-opacity":"","overlay-gradient":""},"tablet":{"background-color":"","background-image":"","background-repeat":"repeat","background-position":"center center","background-size":"auto","background-attachment":"scroll","background-type":"","background-media":"","overlay-type":"","overlay-color":"","overlay-opacity":"","overlay-gradient":""},"mobile":{"background-color":"","background-image":"","background-repeat":"repeat","background-position":"center center","background-size":"auto","background-attachment":"scroll","background-type":"","background-media":"","overlay-type":"","overlay-color":"","overlay-opacity":"","overlay-gradient":""}},"ast-content-background-meta":{"desktop":{"background-color":"var(--ast-global-color-4)","background-image":"","background-repeat":"repeat","background-position":"center center","background-size":"auto","background-attachment":"scroll","background-type":"","background-media":"","overlay-type":"","overlay-color":"","overlay-opacity":"","overlay-gradient":""},"tablet":{"background-color":"var(--ast-global-color-4)","background-image":"","background-repeat":"repeat","background-position":"center center","background-size":"auto","background-attachment":"scroll","background-type":"","background-media":"","overlay-type":"","overlay-color":"","overlay-opacity":"","overlay-gradient":""},"mobile":{"background-color":"var(--ast-global-color-4)","background-image":"","background-repeat":"repeat","background-position":"center center","background-size":"auto","background-attachment":"scroll","background-type":"","background-media":"","overlay-type":"","overlay-color":"","overlay-opacity":"","overlay-gradient":""}},"footnotes":""},"categories":[18],"tags":[25,26,29],"class_list":["post-465","post","type-post","status-publish","format-standard","has-post-thumbnail","hentry","category-coberturas","tag-eloxochitlan","tag-mujeres-mazatecas","tag-tierrayterritorio"],"_links":{"self":[{"href":"https:\/\/sue\u00f1adignidad.com\/index.php?rest_route=\/wp\/v2\/posts\/465","targetHints":{"allow":["GET"]}}],"collection":[{"href":"https:\/\/sue\u00f1adignidad.com\/index.php?rest_route=\/wp\/v2\/posts"}],"about":[{"href":"https:\/\/sue\u00f1adignidad.com\/index.php?rest_route=\/wp\/v2\/types\/post"}],"author":[{"embeddable":true,"href":"https:\/\/sue\u00f1adignidad.com\/index.php?rest_route=\/wp\/v2\/users\/4"}],"replies":[{"embeddable":true,"href":"https:\/\/sue\u00f1adignidad.com\/index.php?rest_route=%2Fwp%2Fv2%2Fcomments&post=465"}],"version-history":[{"count":8,"href":"https:\/\/sue\u00f1adignidad.com\/index.php?rest_route=\/wp\/v2\/posts\/465\/revisions"}],"predecessor-version":[{"id":486,"href":"https:\/\/sue\u00f1adignidad.com\/index.php?rest_route=\/wp\/v2\/posts\/465\/revisions\/486"}],"wp:featuredmedia":[{"embeddable":true,"href":"https:\/\/sue\u00f1adignidad.com\/index.php?rest_route=\/wp\/v2\/media\/479"}],"wp:attachment":[{"href":"https:\/\/sue\u00f1adignidad.com\/index.php?rest_route=%2Fwp%2Fv2%2Fmedia&parent=465"}],"wp:term":[{"taxonomy":"category","embeddable":true,"href":"https:\/\/sue\u00f1adignidad.com\/index.php?rest_route=%2Fwp%2Fv2%2Fcategories&post=465"},{"taxonomy":"post_tag","embeddable":true,"href":"https:\/\/sue\u00f1adignidad.com\/index.php?rest_route=%2Fwp%2Fv2%2Ftags&post=465"}],"curies":[{"name":"wp","href":"https:\/\/api.w.org\/{rel}","templated":true}]}}