{"id":353,"date":"2023-04-28T22:11:38","date_gmt":"2023-04-29T03:11:38","guid":{"rendered":"https:\/\/sue\u00f1adignidad.com\/?p=353"},"modified":"2023-04-28T22:11:39","modified_gmt":"2023-04-29T03:11:39","slug":"dia-4-carava-elsurresiste-oteapan-veracruz-en-defensa-por-sus-tierras","status":"publish","type":"post","link":"https:\/\/sue\u00f1adignidad.com\/?p=353","title":{"rendered":"D\u00eda 4. Carava #ElSurResiste: Oteapan Veracruz en defensa por sus tierras"},"content":{"rendered":"<div class='booster-block booster-read-block'>\n                <div class=\"twp-read-time\">\n                \t<i class=\"booster-icon twp-clock\"><\/i> <span>Read Time:<\/span>1 Minute, 25 Second                <\/div>\n\n            <\/div>\n<p>D\u00eda 4. Caravana #ElSurResiste.<\/p>\n\n\n\n<p>El recorrido de la caravana por el sur sureste del pa\u00eds lleg\u00f3 a Oteapan, Veracruz, territorio que se encuentra en disputa de sus tierras desde hace m\u00e1s de 10 a\u00f1os, en el 2003 se emiti\u00f3 el decreto 527 en el que se le daba una porci\u00f3n de tierra al municipio, lo que corresponde a la colonia \u201cTina Chica\u201d, pero el congreso del estado dictamin\u00f3 que era de Chinameca, desde ese momento los pobladores han buscado por var\u00edas v\u00edas que se les respeten sus tierras.<\/p>\n\n\n\n<p>Las actividades consistieron en una marcha hac\u00eda el Palacio Municipal en d\u00f3nde se denunci\u00f3, un proyecto que busca traer al municipio una recicladora, que ya ha sido denunciado, emitiendo una demanda a m\u00e1s de 10 instituciones, sumando el paso que tendr\u00e1 el Corredor Interoce\u00e1nico&nbsp;&nbsp;y la basura de la refiner\u00eda&nbsp;<\/p>\n\n\n\n<p>Tambi\u00e9n recordaron que el 8 de marzo de 2022 los habitantes de Oteapan realizaron un bloqueo en la carretera federal Cosoleacaque \u2013 Acayucan para que una comisi\u00f3n del gobierno les atendiera, la cu\u00e1l nunca llego y fueron reprimidos a golpes por un grupo de granaderos.<\/p>\n\n\n\n<p>Mientras se realizaba el mitin cerca de la carretera Cosoleacaque \u2013 Acayucan, un enlace con personas que sostienen el campamento Tierra y Libertad en Mogo\u00f1e, Oaxaca para parar la renovaci\u00f3n de v\u00edas del tren que buscan ser parte del Corredor Interoce\u00e1nico, informaron que un grupo de m\u00e1s de 40 marinos, llegaron a desalojar por la ma\u00f1ana el espacio con uso de violencia, llev\u00e1ndose a cinco compa\u00f1eras las cu\u00e1les tardaron m\u00e1s de 5 horas en saber donde estaban, por lo que los integrantes de la caravana tomaron la decisi\u00f3n de realizar un bloqueo de la carretera en solidaridad por lo ocurrido<\/p>\n        <div class=\"booster-block booster-reactions-block\">\n            <div class=\"twp-reactions-icons\">\n                \n                <div class=\"twp-reacts-wrap\">\n                    <a react-data=\"be-react-1\" post-id=\"353\" class=\"be-face-icons un-reacted\" href=\"javascript:void(0)\">\n                        <img decoding=\"async\" src=\"https:\/\/sue\u00f1adignidad.com\/wp-content\/plugins\/booster-extension\/\/assets\/icon\/happy.svg\" alt=\"Happy\">\n                    <\/a>\n                    <div class=\"twp-reaction-title\">\n                        Happy                    <\/div>\n                    <div class=\"twp-count-percent\">\n                                                    <span style=\"display: none;\" class=\"twp-react-count\">0<\/span>\n                        \n                                                <span class=\"twp-react-percent\"><span>0<\/span> %<\/span>\n                                            <\/div>\n                <\/div>\n\n                <div class=\"twp-reacts-wrap\">\n                    <a react-data=\"be-react-2\" post-id=\"353\" class=\"be-face-icons un-reacted\" href=\"javascript:void(0)\">\n                        <img decoding=\"async\" src=\"https:\/\/sue\u00f1adignidad.com\/wp-content\/plugins\/booster-extension\/\/assets\/icon\/sad.svg\" alt=\"Sad\">\n                    <\/a>\n                    <div class=\"twp-reaction-title\">\n                        Sad                    <\/div>\n                    <div class=\"twp-count-percent\">\n                                                    <span style=\"display: none;\" class=\"twp-react-count\">0<\/span>\n                                                                        <span class=\"twp-react-percent\"><span>0<\/span> %<\/span>\n                                            <\/div>\n                <\/div>\n\n                <div class=\"twp-reacts-wrap\">\n                    <a react-data=\"be-react-3\" post-id=\"353\" class=\"be-face-icons un-reacted\" href=\"javascript:void(0)\">\n                        <img decoding=\"async\" src=\"https:\/\/sue\u00f1adignidad.com\/wp-content\/plugins\/booster-extension\/\/assets\/icon\/excited.svg\" alt=\"Excited\">\n                    <\/a>\n                    <div class=\"twp-reaction-title\">\n                        Excited                    <\/div>\n                    <div class=\"twp-count-percent\">\n                                                    <span style=\"display: none;\" class=\"twp-react-count\">0<\/span>\n                                                                        <span class=\"twp-react-percent\"><span>0<\/span> %<\/span>\n                                            <\/div>\n                <\/div>\n\n                <div class=\"twp-reacts-wrap\">\n                    <a react-data=\"be-react-6\" post-id=\"353\" class=\"be-face-icons un-reacted\" href=\"javascript:void(0)\">\n                        <img decoding=\"async\" src=\"https:\/\/sue\u00f1adignidad.com\/wp-content\/plugins\/booster-extension\/\/assets\/icon\/sleepy.svg\" alt=\"Sleepy\">\n                    <\/a>\n                    <div class=\"twp-reaction-title\">\n                        Sleepy                    <\/div>\n                    <div class=\"twp-count-percent\">\n                                                    <span style=\"display: none;\" class=\"twp-react-count\">0<\/span>\n                        \n                                                <span class=\"twp-react-percent\"><span>0<\/span> %<\/span>\n                                            <\/div>\n                <\/div>\n\n                <div class=\"twp-reacts-wrap\">\n                    <a react-data=\"be-react-4\" post-id=\"353\" class=\"be-face-icons un-reacted\" href=\"javascript:void(0)\">\n                        <img decoding=\"async\" src=\"https:\/\/sue\u00f1adignidad.com\/wp-content\/plugins\/booster-extension\/\/assets\/icon\/angry.svg\" alt=\"Angry\">\n                    <\/a>\n                    <div class=\"twp-reaction-title\">Angry<\/div>\n                    <div class=\"twp-count-percent\">\n                                                    <span style=\"display: none;\" class=\"twp-react-count\">0<\/span>\n                                                                        <span class=\"twp-react-percent\"><span>0<\/span> %<\/span>\n                        \n                    <\/div>\n                <\/div>\n\n                <div class=\"twp-reacts-wrap\">\n                    <a react-data=\"be-react-5\" post-id=\"353\" class=\"be-face-icons un-reacted\" href=\"javascript:void(0)\">\n                        <img decoding=\"async\" src=\"https:\/\/sue\u00f1adignidad.com\/wp-content\/plugins\/booster-extension\/\/assets\/icon\/surprise.svg\" alt=\"Surprise\">\n                    <\/a>\n                    <div class=\"twp-reaction-title\">Surprise<\/div>\n                    <div class=\"twp-count-percent\">\n                                                    <span style=\"display: none;\" class=\"twp-react-count\">0<\/span>\n                                                                        <span class=\"twp-react-percent\"><span>0<\/span> %<\/span>\n                                            <\/div>\n                <\/div>\n\n            <\/div>\n        <\/div>\n\n    ","protected":false},"excerpt":{"rendered":"<p>D\u00eda 4. Caravana #ElSurResiste. El recorrido de la caravana por el sur sureste del pa\u00eds lleg\u00f3 a Oteapan, Veracruz, territorio que se encuentra en disputa de sus tierras desde hace m\u00e1s de 10 a\u00f1os, en el 2003 se emiti\u00f3 el decreto 527 en el que se le daba una porci\u00f3n de tierra al municipio, lo [&hellip;]<\/p>\n","protected":false},"author":1,"featured_media":0,"comment_status":"open","ping_status":"open","sticky":false,"template":"","format":"standard","meta":{"site-sidebar-layout":"default","site-content-layout":"","ast-site-content-layout":"default","site-content-style":"default","site-sidebar-style":"default","ast-global-header-display":"","ast-banner-title-visibility":"","ast-main-header-display":"","ast-hfb-above-header-display":"","ast-hfb-below-header-display":"","ast-hfb-mobile-header-display":"","site-post-title":"","ast-breadcrumbs-content":"","ast-featured-img":"","footer-sml-layout":"","ast-disable-related-posts":"","theme-transparent-header-meta":"","adv-header-id-meta":"","stick-header-meta":"","header-above-stick-meta":"","header-main-stick-meta":"","header-below-stick-meta":"","astra-migrate-meta-layouts":"default","ast-page-background-enabled":"default","ast-page-background-meta":{"desktop":{"background-color":"var(--ast-global-color-5)","background-image":"","background-repeat":"repeat","background-position":"center center","background-size":"auto","background-attachment":"scroll","background-type":"","background-media":"","overlay-type":"","overlay-color":"","overlay-opacity":"","overlay-gradient":""},"tablet":{"background-color":"","background-image":"","background-repeat":"repeat","background-position":"center center","background-size":"auto","background-attachment":"scroll","background-type":"","background-media":"","overlay-type":"","overlay-color":"","overlay-opacity":"","overlay-gradient":""},"mobile":{"background-color":"","background-image":"","background-repeat":"repeat","background-position":"center center","background-size":"auto","background-attachment":"scroll","background-type":"","background-media":"","overlay-type":"","overlay-color":"","overlay-opacity":"","overlay-gradient":""}},"ast-content-background-meta":{"desktop":{"background-color":"var(--ast-global-color-4)","background-image":"","background-repeat":"repeat","background-position":"center center","background-size":"auto","background-attachment":"scroll","background-type":"","background-media":"","overlay-type":"","overlay-color":"","overlay-opacity":"","overlay-gradient":""},"tablet":{"background-color":"var(--ast-global-color-4)","background-image":"","background-repeat":"repeat","background-position":"center center","background-size":"auto","background-attachment":"scroll","background-type":"","background-media":"","overlay-type":"","overlay-color":"","overlay-opacity":"","overlay-gradient":""},"mobile":{"background-color":"var(--ast-global-color-4)","background-image":"","background-repeat":"repeat","background-position":"center center","background-size":"auto","background-attachment":"scroll","background-type":"","background-media":"","overlay-type":"","overlay-color":"","overlay-opacity":"","overlay-gradient":""}},"footnotes":""},"categories":[1],"tags":[],"class_list":["post-353","post","type-post","status-publish","format-standard","hentry","category-uncategorized"],"_links":{"self":[{"href":"https:\/\/sue\u00f1adignidad.com\/index.php?rest_route=\/wp\/v2\/posts\/353","targetHints":{"allow":["GET"]}}],"collection":[{"href":"https:\/\/sue\u00f1adignidad.com\/index.php?rest_route=\/wp\/v2\/posts"}],"about":[{"href":"https:\/\/sue\u00f1adignidad.com\/index.php?rest_route=\/wp\/v2\/types\/post"}],"author":[{"embeddable":true,"href":"https:\/\/sue\u00f1adignidad.com\/index.php?rest_route=\/wp\/v2\/users\/1"}],"replies":[{"embeddable":true,"href":"https:\/\/sue\u00f1adignidad.com\/index.php?rest_route=%2Fwp%2Fv2%2Fcomments&post=353"}],"version-history":[{"count":1,"href":"https:\/\/sue\u00f1adignidad.com\/index.php?rest_route=\/wp\/v2\/posts\/353\/revisions"}],"predecessor-version":[{"id":354,"href":"https:\/\/sue\u00f1adignidad.com\/index.php?rest_route=\/wp\/v2\/posts\/353\/revisions\/354"}],"wp:attachment":[{"href":"https:\/\/sue\u00f1adignidad.com\/index.php?rest_route=%2Fwp%2Fv2%2Fmedia&parent=353"}],"wp:term":[{"taxonomy":"category","embeddable":true,"href":"https:\/\/sue\u00f1adignidad.com\/index.php?rest_route=%2Fwp%2Fv2%2Fcategories&post=353"},{"taxonomy":"post_tag","embeddable":true,"href":"https:\/\/sue\u00f1adignidad.com\/index.php?rest_route=%2Fwp%2Fv2%2Ftags&post=353"}],"curies":[{"name":"wp","href":"https:\/\/api.w.org\/{rel}","templated":true}]}}