{"id":2612,"date":"2026-01-18T14:41:00","date_gmt":"2026-01-18T20:41:00","guid":{"rendered":"https:\/\/sue\u00f1adignidad.com\/?p=2612"},"modified":"2026-01-18T15:17:25","modified_gmt":"2026-01-18T21:17:25","slug":"gobierno-de-la-cdmx-sin-respuesta-aun-ante-ilegitimidad-en-procesos-por-el-cablebus-en-milpa-alta-la-comunidad-sigue-recibiendo-agresiones","status":"publish","type":"post","link":"https:\/\/sue\u00f1adignidad.com\/?p=2612","title":{"rendered":"Gobierno de la CDMX,\u00a0sin respuesta\u00a0a\u00fan\u00a0ante ilegitimidad\u00a0en\u00a0procesos por el cableb\u00fas en Milpa Alta;\u00a0la comunidad\u00a0sigue\u00a0recibiendo agresiones"},"content":{"rendered":"<div class='booster-block booster-read-block'>\n                <div class=\"twp-read-time\">\n                \t<i class=\"booster-icon twp-clock\"><\/i> <span>Read Time:<\/span>5 Minute, 13 Second                <\/div>\n\n            <\/div>\n<p>Texto por Diana H. G\u00f3mez.<br>El gobierno de Clara Brugada Molina no tiene una postura definitiva a\u00fan, pero est\u00e1 dispuesto a llegar a acuerdos con la comunidad milpaltense&nbsp;acerca del proyecto de&nbsp;la&nbsp;l\u00ednea 6 del cableb\u00fas. Este fue el mensaje&nbsp;que C\u00e9sar Cravioto Romero expres\u00f3&nbsp;la noche del&nbsp;15 de enero tras&nbsp;reunirse&nbsp;con comuneras y comuneros de los nueve pueblos originarios de Milpa Alta, quienes contin\u00faan denunciando la ilegitimidad en los procedimientos para la aprobaci\u00f3n de&nbsp;este proyecto y su rechazo al mismo.<\/p>\n\n\n\n<p>Esta es la segunda reuni\u00f3n que se ha mantenido con el secretario de Gobierno de la Ciudad de M\u00e9xico (CDMX).&nbsp;La primera tuvo lugar el 22 de diciembre de 2025, un d\u00eda despu\u00e9s de que por lo menos diez personas de la comunidad fueran agredidas al intentar frenar una consulta con la que se buscaba aprobar la&nbsp;l\u00ednea 6 sin cumplir con los lineamientos necesarios.<\/p>\n\n\n\n<p>Aquella primera reuni\u00f3n tuvo como objetivo entregar un pliego petitorio denunciando estos hechos y exigiendo respeto a la autodeterminaci\u00f3n del n\u00facleo agrario que conforma a Milpa Alta. Si bien se esperaba una respuesta al respecto este 15 de enero, en una conferencia de prensa posterior al encuentro, comuneros explicaron que el gobierno de Clara Brugada&nbsp;todav\u00eda no emite una postura clara y transparente ante el tema.&nbsp;<\/p>\n\n\n\n<p>Esto se evidenci\u00f3 en las respuestas inexactas que Cravioto dio a medios de comunicaci\u00f3n al t\u00e9rmino del encuentro.Adem\u00e1s, de acuerdo con lo dicho en la conferencia, el titular de la Secretar\u00eda de Gobernaci\u00f3n de la CDMX tambi\u00e9n demostr\u00f3 cierto desconocimiento respecto a la organizaci\u00f3n pol\u00edtica y comunitaria de los pueblos.<\/p>\n\n\n\n<p>Seg\u00fan declararon&nbsp;integrantes de la&nbsp;comunidad agraria, el funcionario propuso alternativas para continuar con el proceso de consulta que apruebe la construcci\u00f3n del cableb\u00fas, pero dichas opciones son inviables, pues su ejecuci\u00f3n violar\u00eda la Ley Agraria.&nbsp;<\/p>\n\n\n\n<p>Las y los comuneros (con el respaldo del abogado Carlos Gonz\u00e1les Garc\u00eda, del Congreso Nacional Ind\u00edgena) explicaron nuevamente al secretario que los pueblos de Milpa Alta conforman un solo n\u00facleo agrario de tierras comunales,&nbsp;cuyas decisiones sobre el uso de estas tierras compete a una asamblea que debe ser convocada por&nbsp;la&nbsp;representaci\u00f3n general de bienes comunales. Sin embargo, actualmente no hay una persona que ocupe esta representaci\u00f3n, por lo que dicha asamblea (y, por lo tanto, la aprobaci\u00f3n de este proyecto de movilidad) no puede llevarse a cabo.<\/p>\n\n\n\n<p>Pero adem\u00e1s&nbsp;de su car\u00e1cter comunal, los pueblos de Milpa Alta son tambi\u00e9n pueblos ind\u00edgenas, por lo que&nbsp;\u2015tal como indican la Constituci\u00f3n Pol\u00edtica de M\u00e9xico y la Constituci\u00f3n de la CDMX\u2015 deben ser consultados en su totalidad para tomar una decisi\u00f3n como esta. No obstante, la comunidad denuncia que los lineamientos para esta consulta tampoco se han seguido, partiendo del hecho de que no hay informaci\u00f3n clara sobre lo que implicar\u00eda la construcci\u00f3n del cableb\u00fas en el territorio.&nbsp;No hay detalles, por ejemplo, sobre el impacto ambiental del proyecto.<\/p>\n\n\n\n<p><strong>\u201cSomos un pulm\u00f3n de la&nbsp;<\/strong><strong>Ciudad de M\u00e9xico:&nbsp;<\/strong><strong>damos aire, damos agua, dam<\/strong><strong>o<\/strong><strong>s alimento a la&nbsp;<\/strong><strong>c<\/strong><strong>iudad. Entonces, pedimos respeto a esta tierra\u201d<\/strong><strong>. Declaraciones de la comunidad agraria este 15 de&nbsp;<\/strong><strong>enero<\/strong><strong>.<\/strong><\/p>\n\n\n\n<p>Tras la exposici\u00f3n de estos hechos, el secretario de Gobierno&nbsp;dijo&nbsp;que&nbsp;\u201ctrabajar\u00e1 en eso\u201d&nbsp;y&nbsp;entregar\u00e1 una respuesta a las exigencias de la comunidad&nbsp;la semana&nbsp;del 19 de enero.Asimismo, se comprometi\u00f3 a la creaci\u00f3n de mesas de trabajo sobre cuidado ambiental y a generar espacios de di\u00e1logo donde haya procesos de paz para evitar actos violentos como los acontecidos en diciembre. Mientras tanto, las agresiones han continuado y las denuncias formales derivadas de estos hechos no han mostrado ning\u00fan avance.<\/p>\n\n\n\n<p><strong>Habitantes&nbsp;<\/strong><strong>de Milpa Alta&nbsp;<\/strong><strong>siguen siendo v\u00edctimas de violencia digital<\/strong><\/p>\n\n\n\n<p>La reuni\u00f3n de este 15 de&nbsp;enero&nbsp;estuvo mediada por la Comisi\u00f3n de Derechos Humanos de la Ciudad de M\u00e9xico (CDHCDM), cuyos observadores fueron testigos de las agresiones&nbsp;perpetradas el 21 de diciembre. Aunque se hicieron las denuncias formales por estos hechos, la realidad es que hasta ahora no hay ning\u00fan avance al respecto. De hecho, otro de los compromisos de Cravioto Romero fue dar seguimiento al tema personalmente.<\/p>\n\n\n\n<p>Mientras eso sucede, las agresiones digitales contin\u00faan: en redes sociales, perfiles han compartido fotograf\u00edas y datos personales de integrantes de la comunidad que se oponen al actuar del gobierno, poniendo en riesgo a las personas se\u00f1aladas.<\/p>\n\n\n\n<p><strong>\u201cLas compa\u00f1eras han expresado el temor que tienen. Nosotros seguimos viviendo en Milpa Alta y haciendo nuestras actividades, entonces, es otra de las cosas que se dijeron: seguimos con el acoso y ellas se sienten atemorizadas\u201d, declar\u00f3 un integrante de la comunidad, reconociendo que las principales v\u00edctimas de estos hechos son<\/strong><strong>&nbsp;<\/strong><strong>mujeres<\/strong><strong>&nbsp;defensoras del territorio<\/strong><strong>.<\/strong><\/p>\n\n\n\n<p>Las y los comuneros presentes en la reuni\u00f3n este 15 de enero&nbsp;(la mayor\u00eda, registrados en el Censo de 1980)&nbsp;indicaron que, fuera de las pantallas,&nbsp;otro sector de la comunidad ha continuado&nbsp;incentivando la confrontaci\u00f3n. Al respecto, explicaron que un d\u00eda antes de la reuni\u00f3n hubo publicaciones en redes sociales que llamaban a romper el di\u00e1logo con C\u00e9sar Cravioto. Es por eso que, ante el temor de otra confrontaci\u00f3n violenta, se decidi\u00f3 cambiar el lugar del encuentro.<\/p>\n\n\n\n<p>Esto despert\u00f3 dudas en otro sector de la comunidad,&nbsp;a quien, sin embargo, se le explic\u00f3 que la intenci\u00f3n no es tomar decisiones en esta u otras reuniones con la administraci\u00f3n de la CDMX, sino conseguir que haya una postura clara del gobierno de Clara Brugada ante las irregularidades expuestas. Una vez logrado este paso, se convocar\u00e1 a toda la comunidad para informar&nbsp;sobre el tema&nbsp;y, en conjunto, tomar&nbsp;decisiones que respeten&nbsp;la autodeterminaci\u00f3n de los pueblos de Milpa Alta.<\/p>\n\n\n\n<p>Este proceso de defensa del territorio apenas inicia, pero la comunidad es contundente:&nbsp;\u201cLe dejamos claro al gobierno que vamos a llegar hasta las \u00faltimas consecuencias si no respetan la ley que&nbsp;ellos&nbsp;mismos han elaborado a lo largo de los a\u00f1os\u201d.&nbsp;Depender\u00e1 del gobierno de la&nbsp;CDMX decidir: \u00bfhabr\u00e1 di\u00e1logo o se esperar\u00e1 a que esas \u00faltimas consecuencias&nbsp;se hagan presentes?<\/p>\n\n\n\n<p><\/p>\n\n\n\n<p><\/p>\n\n\n\n<p><\/p>\n\n\n\n<p><\/p>\n        <div class=\"booster-block booster-reactions-block\">\n            <div class=\"twp-reactions-icons\">\n                \n                <div class=\"twp-reacts-wrap\">\n                    <a react-data=\"be-react-1\" post-id=\"2612\" class=\"be-face-icons un-reacted\" href=\"javascript:void(0)\">\n                        <img decoding=\"async\" src=\"https:\/\/sue\u00f1adignidad.com\/wp-content\/plugins\/booster-extension\/\/assets\/icon\/happy.svg\" alt=\"Happy\">\n                    <\/a>\n                    <div class=\"twp-reaction-title\">\n                        Happy                    <\/div>\n                    <div class=\"twp-count-percent\">\n                                                    <span style=\"display: none;\" class=\"twp-react-count\">0<\/span>\n                        \n                                                <span class=\"twp-react-percent\"><span>0<\/span> %<\/span>\n                                            <\/div>\n                <\/div>\n\n                <div class=\"twp-reacts-wrap\">\n                    <a react-data=\"be-react-2\" post-id=\"2612\" class=\"be-face-icons un-reacted\" href=\"javascript:void(0)\">\n                        <img decoding=\"async\" src=\"https:\/\/sue\u00f1adignidad.com\/wp-content\/plugins\/booster-extension\/\/assets\/icon\/sad.svg\" alt=\"Sad\">\n                    <\/a>\n                    <div class=\"twp-reaction-title\">\n                        Sad                    <\/div>\n                    <div class=\"twp-count-percent\">\n                                                    <span style=\"display: none;\" class=\"twp-react-count\">0<\/span>\n                                                                        <span class=\"twp-react-percent\"><span>0<\/span> %<\/span>\n                                            <\/div>\n                <\/div>\n\n                <div class=\"twp-reacts-wrap\">\n                    <a react-data=\"be-react-3\" post-id=\"2612\" class=\"be-face-icons un-reacted\" href=\"javascript:void(0)\">\n                        <img decoding=\"async\" src=\"https:\/\/sue\u00f1adignidad.com\/wp-content\/plugins\/booster-extension\/\/assets\/icon\/excited.svg\" alt=\"Excited\">\n                    <\/a>\n                    <div class=\"twp-reaction-title\">\n                        Excited                    <\/div>\n                    <div class=\"twp-count-percent\">\n                                                    <span style=\"display: none;\" class=\"twp-react-count\">0<\/span>\n                                                                        <span class=\"twp-react-percent\"><span>0<\/span> %<\/span>\n                                            <\/div>\n                <\/div>\n\n                <div class=\"twp-reacts-wrap\">\n                    <a react-data=\"be-react-6\" post-id=\"2612\" class=\"be-face-icons un-reacted\" href=\"javascript:void(0)\">\n                        <img decoding=\"async\" src=\"https:\/\/sue\u00f1adignidad.com\/wp-content\/plugins\/booster-extension\/\/assets\/icon\/sleepy.svg\" alt=\"Sleepy\">\n                    <\/a>\n                    <div class=\"twp-reaction-title\">\n                        Sleepy                    <\/div>\n                    <div class=\"twp-count-percent\">\n                                                    <span style=\"display: none;\" class=\"twp-react-count\">0<\/span>\n                        \n                                                <span class=\"twp-react-percent\"><span>0<\/span> %<\/span>\n                                            <\/div>\n                <\/div>\n\n                <div class=\"twp-reacts-wrap\">\n                    <a react-data=\"be-react-4\" post-id=\"2612\" class=\"be-face-icons un-reacted\" href=\"javascript:void(0)\">\n                        <img decoding=\"async\" src=\"https:\/\/sue\u00f1adignidad.com\/wp-content\/plugins\/booster-extension\/\/assets\/icon\/angry.svg\" alt=\"Angry\">\n                    <\/a>\n                    <div class=\"twp-reaction-title\">Angry<\/div>\n                    <div class=\"twp-count-percent\">\n                                                    <span style=\"display: none;\" class=\"twp-react-count\">0<\/span>\n                                                                        <span class=\"twp-react-percent\"><span>0<\/span> %<\/span>\n                        \n                    <\/div>\n                <\/div>\n\n                <div class=\"twp-reacts-wrap\">\n                    <a react-data=\"be-react-5\" post-id=\"2612\" class=\"be-face-icons un-reacted\" href=\"javascript:void(0)\">\n                        <img decoding=\"async\" src=\"https:\/\/sue\u00f1adignidad.com\/wp-content\/plugins\/booster-extension\/\/assets\/icon\/surprise.svg\" alt=\"Surprise\">\n                    <\/a>\n                    <div class=\"twp-reaction-title\">Surprise<\/div>\n                    <div class=\"twp-count-percent\">\n                                                    <span style=\"display: none;\" class=\"twp-react-count\">0<\/span>\n                                                                        <span class=\"twp-react-percent\"><span>0<\/span> %<\/span>\n                                            <\/div>\n                <\/div>\n\n            <\/div>\n        <\/div>\n\n    ","protected":false},"excerpt":{"rendered":"<p>Texto por Diana H. G\u00f3mez.El gobierno de Clara Brugada Molina no tiene una postura definitiva a\u00fan, pero est\u00e1 dispuesto a llegar a acuerdos con la comunidad milpaltense&nbsp;acerca del proyecto de&nbsp;la&nbsp;l\u00ednea 6 del cableb\u00fas. Este fue el mensaje&nbsp;que C\u00e9sar Cravioto Romero expres\u00f3&nbsp;la noche del&nbsp;15 de enero tras&nbsp;reunirse&nbsp;con comuneras y comuneros de los nueve pueblos originarios de [&hellip;]<\/p>\n","protected":false},"author":1,"featured_media":2619,"comment_status":"open","ping_status":"open","sticky":false,"template":"","format":"standard","meta":{"site-sidebar-layout":"default","site-content-layout":"","ast-site-content-layout":"default","site-content-style":"default","site-sidebar-style":"default","ast-global-header-display":"","ast-banner-title-visibility":"","ast-main-header-display":"","ast-hfb-above-header-display":"","ast-hfb-below-header-display":"","ast-hfb-mobile-header-display":"","site-post-title":"","ast-breadcrumbs-content":"","ast-featured-img":"","footer-sml-layout":"","ast-disable-related-posts":"","theme-transparent-header-meta":"","adv-header-id-meta":"","stick-header-meta":"","header-above-stick-meta":"","header-main-stick-meta":"","header-below-stick-meta":"","astra-migrate-meta-layouts":"default","ast-page-background-enabled":"default","ast-page-background-meta":{"desktop":{"background-color":"var(--ast-global-color-5)","background-image":"","background-repeat":"repeat","background-position":"center center","background-size":"auto","background-attachment":"scroll","background-type":"","background-media":"","overlay-type":"","overlay-color":"","overlay-opacity":"","overlay-gradient":""},"tablet":{"background-color":"","background-image":"","background-repeat":"repeat","background-position":"center center","background-size":"auto","background-attachment":"scroll","background-type":"","background-media":"","overlay-type":"","overlay-color":"","overlay-opacity":"","overlay-gradient":""},"mobile":{"background-color":"","background-image":"","background-repeat":"repeat","background-position":"center center","background-size":"auto","background-attachment":"scroll","background-type":"","background-media":"","overlay-type":"","overlay-color":"","overlay-opacity":"","overlay-gradient":""}},"ast-content-background-meta":{"desktop":{"background-color":"var(--ast-global-color-4)","background-image":"","background-repeat":"repeat","background-position":"center center","background-size":"auto","background-attachment":"scroll","background-type":"","background-media":"","overlay-type":"","overlay-color":"","overlay-opacity":"","overlay-gradient":""},"tablet":{"background-color":"var(--ast-global-color-4)","background-image":"","background-repeat":"repeat","background-position":"center center","background-size":"auto","background-attachment":"scroll","background-type":"","background-media":"","overlay-type":"","overlay-color":"","overlay-opacity":"","overlay-gradient":""},"mobile":{"background-color":"var(--ast-global-color-4)","background-image":"","background-repeat":"repeat","background-position":"center center","background-size":"auto","background-attachment":"scroll","background-type":"","background-media":"","overlay-type":"","overlay-color":"","overlay-opacity":"","overlay-gradient":""}},"footnotes":""},"categories":[1],"tags":[],"class_list":["post-2612","post","type-post","status-publish","format-standard","has-post-thumbnail","hentry","category-uncategorized"],"_links":{"self":[{"href":"https:\/\/sue\u00f1adignidad.com\/index.php?rest_route=\/wp\/v2\/posts\/2612","targetHints":{"allow":["GET"]}}],"collection":[{"href":"https:\/\/sue\u00f1adignidad.com\/index.php?rest_route=\/wp\/v2\/posts"}],"about":[{"href":"https:\/\/sue\u00f1adignidad.com\/index.php?rest_route=\/wp\/v2\/types\/post"}],"author":[{"embeddable":true,"href":"https:\/\/sue\u00f1adignidad.com\/index.php?rest_route=\/wp\/v2\/users\/1"}],"replies":[{"embeddable":true,"href":"https:\/\/sue\u00f1adignidad.com\/index.php?rest_route=%2Fwp%2Fv2%2Fcomments&post=2612"}],"version-history":[{"count":3,"href":"https:\/\/sue\u00f1adignidad.com\/index.php?rest_route=\/wp\/v2\/posts\/2612\/revisions"}],"predecessor-version":[{"id":2621,"href":"https:\/\/sue\u00f1adignidad.com\/index.php?rest_route=\/wp\/v2\/posts\/2612\/revisions\/2621"}],"wp:featuredmedia":[{"embeddable":true,"href":"https:\/\/sue\u00f1adignidad.com\/index.php?rest_route=\/wp\/v2\/media\/2619"}],"wp:attachment":[{"href":"https:\/\/sue\u00f1adignidad.com\/index.php?rest_route=%2Fwp%2Fv2%2Fmedia&parent=2612"}],"wp:term":[{"taxonomy":"category","embeddable":true,"href":"https:\/\/sue\u00f1adignidad.com\/index.php?rest_route=%2Fwp%2Fv2%2Fcategories&post=2612"},{"taxonomy":"post_tag","embeddable":true,"href":"https:\/\/sue\u00f1adignidad.com\/index.php?rest_route=%2Fwp%2Fv2%2Ftags&post=2612"}],"curies":[{"name":"wp","href":"https:\/\/api.w.org\/{rel}","templated":true}]}}