{"id":2520,"date":"2025-10-22T13:53:40","date_gmt":"2025-10-22T19:53:40","guid":{"rendered":"https:\/\/sue\u00f1adignidad.com\/?p=2520"},"modified":"2025-10-22T13:53:41","modified_gmt":"2025-10-22T19:53:41","slug":"otro-presunto-culpable-fgr-lo-detiene-trabajando-y-lo-hace-pasar-por-secuestrador","status":"publish","type":"post","link":"https:\/\/sue\u00f1adignidad.com\/?p=2520","title":{"rendered":"Otro presunto culpable: FGR lo detiene trabajando y lo hace pasar por secuestrador"},"content":{"rendered":"<div class='booster-block booster-read-block'>\n                <div class=\"twp-read-time\">\n                \t<i class=\"booster-icon twp-clock\"><\/i> <span>Read Time:<\/span>1 Minute, 54 Second                <\/div>\n\n            <\/div>\n<p><strong>Por Alejandro Mendoza \/ Informaci\u00f3n y fotograf\u00edas, cortes\u00eda de Jafet Tirado<\/strong><\/p>\n\n\n\n<p><\/p>\n\n\n\n<p>Desde hace casi cinco a\u00f1os, Jorge Ra\u00fal Tirado Ambriz, un comerciante mexiquense de 47 a\u00f1os, est\u00e1 preso injustamente en el penal de Neza-Bordo. Fue acusado de participar en un secuestro ocurrido en 2016 en Ciudad Nezahualc\u00f3yotl, en un proceso plagado de irregularidades y pruebas fabricadas por la Fiscal\u00eda Especializada en Materia de Delincuencia Organizada (FEMDO). Su caso es ejemplo del abuso de poder y la impunidad con que operan las instituciones encargadas de procurar justicia en M\u00e9xico.<\/p>\n\n\n\n<p>El 12 de enero de 2021, Jorge sali\u00f3 de su casa para entregar unos term\u00f3metros digitales que hab\u00eda ofrecido por Internet. En la colonia El Sol, en Nezahualc\u00f3yotl, fue interceptado por agentes ministeriales armados que lo subieron por la fuerza a una camioneta sin mostrarle una orden judicial. Durante el trayecto, uno de ellos le dijo: \u201cTe estuvimos vigilando cuatro a\u00f1os, nunca te encontramos nada, pero te toc\u00f3 la de malas\u201d. A partir de ese momento comenz\u00f3 una cadena de violaciones al debido proceso.<\/p>\n\n\n\n<figure class=\"wp-block-gallery has-nested-images columns-default is-cropped wp-block-gallery-1 is-layout-flex wp-block-gallery-is-layout-flex\">\n<figure class=\"wp-block-image size-large\"><img loading=\"lazy\" decoding=\"async\" width=\"816\" height=\"1024\" data-id=\"2522\" src=\"https:\/\/sue\u00f1adignidad.com\/wp-content\/uploads\/2025\/10\/Cuerpo-1-816x1024.jpeg\" alt=\"\" class=\"wp-image-2522\" srcset=\"https:\/\/sue\u00f1adignidad.com\/wp-content\/uploads\/2025\/10\/Cuerpo-1-816x1024.jpeg 816w, https:\/\/sue\u00f1adignidad.com\/wp-content\/uploads\/2025\/10\/Cuerpo-1-239x300.jpeg 239w, https:\/\/sue\u00f1adignidad.com\/wp-content\/uploads\/2025\/10\/Cuerpo-1-768x963.jpeg 768w, https:\/\/sue\u00f1adignidad.com\/wp-content\/uploads\/2025\/10\/Cuerpo-1.jpeg 960w\" sizes=\"auto, (max-width: 816px) 100vw, 816px\" \/><\/figure>\n<\/figure>\n\n\n\n<figure class=\"wp-block-gallery has-nested-images columns-default is-cropped wp-block-gallery-2 is-layout-flex wp-block-gallery-is-layout-flex\">\n<figure class=\"wp-block-image size-large\"><img loading=\"lazy\" decoding=\"async\" width=\"1024\" height=\"688\" data-id=\"2523\" src=\"https:\/\/sue\u00f1adignidad.com\/wp-content\/uploads\/2025\/10\/Cuerpo-2-1024x688.jpg\" alt=\"\" class=\"wp-image-2523\" srcset=\"https:\/\/sue\u00f1adignidad.com\/wp-content\/uploads\/2025\/10\/Cuerpo-2-1024x688.jpg 1024w, https:\/\/sue\u00f1adignidad.com\/wp-content\/uploads\/2025\/10\/Cuerpo-2-300x201.jpg 300w, https:\/\/sue\u00f1adignidad.com\/wp-content\/uploads\/2025\/10\/Cuerpo-2-768x516.jpg 768w, https:\/\/sue\u00f1adignidad.com\/wp-content\/uploads\/2025\/10\/Cuerpo-2-1536x1031.jpg 1536w, https:\/\/sue\u00f1adignidad.com\/wp-content\/uploads\/2025\/10\/Cuerpo-2.jpg 2048w\" sizes=\"auto, (max-width: 1024px) 100vw, 1024px\" \/><\/figure>\n\n\n\n<figure class=\"wp-block-image size-large\"><img loading=\"lazy\" decoding=\"async\" width=\"1024\" height=\"909\" data-id=\"2524\" src=\"https:\/\/sue\u00f1adignidad.com\/wp-content\/uploads\/2025\/10\/Cuerpo-3-1024x909.jpeg\" alt=\"\" class=\"wp-image-2524\" srcset=\"https:\/\/sue\u00f1adignidad.com\/wp-content\/uploads\/2025\/10\/Cuerpo-3-1024x909.jpeg 1024w, https:\/\/sue\u00f1adignidad.com\/wp-content\/uploads\/2025\/10\/Cuerpo-3-300x266.jpeg 300w, https:\/\/sue\u00f1adignidad.com\/wp-content\/uploads\/2025\/10\/Cuerpo-3-768x682.jpeg 768w, https:\/\/sue\u00f1adignidad.com\/wp-content\/uploads\/2025\/10\/Cuerpo-3.jpeg 1080w\" sizes=\"auto, (max-width: 1024px) 100vw, 1024px\" \/><\/figure>\n<\/figure>\n\n\n\n<p>Las autoridades lo acusaron de ser \u201cnegociador\u201d del secuestro porque su n\u00famero telef\u00f3nico aparec\u00eda en el registro de llamadas de un polic\u00eda municipal que patrullaba el mercado donde Jorge trabajaba. Intervinieron su tel\u00e9fono durante cuatro a\u00f1os sin hallar una sola llamada relacionada con la v\u00edctima. Aun as\u00ed, presentaron como pruebas conversaciones con su madre, una empresa de cobro y una llamada de auxilio por un accidente familiar. Tambi\u00e9n usaron un an\u00e1lisis de voz elaborado por una agente sin formaci\u00f3n pericial, comparando su voz con un registro de 1994, cuando Jorge ten\u00eda solo 16 a\u00f1os.<\/p>\n\n\n\n<figure class=\"wp-block-gallery has-nested-images columns-default is-cropped wp-block-gallery-3 is-layout-flex wp-block-gallery-is-layout-flex\">\n<figure class=\"wp-block-image size-large\"><img loading=\"lazy\" decoding=\"async\" width=\"960\" height=\"540\" data-id=\"2547\" src=\"https:\/\/sue\u00f1adignidad.com\/wp-content\/uploads\/2025\/10\/WhatsApp-Image-2025-10-18-at-6.43.28-PM-1.jpeg\" alt=\"\" class=\"wp-image-2547\" srcset=\"https:\/\/sue\u00f1adignidad.com\/wp-content\/uploads\/2025\/10\/WhatsApp-Image-2025-10-18-at-6.43.28-PM-1.jpeg 960w, https:\/\/sue\u00f1adignidad.com\/wp-content\/uploads\/2025\/10\/WhatsApp-Image-2025-10-18-at-6.43.28-PM-1-300x169.jpeg 300w, https:\/\/sue\u00f1adignidad.com\/wp-content\/uploads\/2025\/10\/WhatsApp-Image-2025-10-18-at-6.43.28-PM-1-768x432.jpeg 768w\" sizes=\"auto, (max-width: 960px) 100vw, 960px\" \/><\/figure>\n\n\n\n<figure class=\"wp-block-image size-large\"><img loading=\"lazy\" decoding=\"async\" width=\"768\" height=\"1024\" data-id=\"2546\" src=\"https:\/\/sue\u00f1adignidad.com\/wp-content\/uploads\/2025\/10\/WhatsApp-Image-2025-10-18-at-6.42.32-PM-768x1024.jpeg\" alt=\"\" class=\"wp-image-2546\" srcset=\"https:\/\/sue\u00f1adignidad.com\/wp-content\/uploads\/2025\/10\/WhatsApp-Image-2025-10-18-at-6.42.32-PM-768x1024.jpeg 768w, https:\/\/sue\u00f1adignidad.com\/wp-content\/uploads\/2025\/10\/WhatsApp-Image-2025-10-18-at-6.42.32-PM-225x300.jpeg 225w, https:\/\/sue\u00f1adignidad.com\/wp-content\/uploads\/2025\/10\/WhatsApp-Image-2025-10-18-at-6.42.32-PM.jpeg 960w\" sizes=\"auto, (max-width: 768px) 100vw, 768px\" \/><\/figure>\n<\/figure>\n\n\n\n<p>Pese a que la v\u00edctima y su familia negaron conocerlo, la jueza de distrito lo vincul\u00f3 a proceso. Desde entonces, la FEMDO ha obstaculizado su defensa y fabricado dos acusaciones adicionales copiando las mismas pruebas. Su familia enfrenta el desgaste econ\u00f3mico y emocional de una lucha desigual contra un sistema que fabrica culpables para simular resultados.<\/p>\n\n\n\n<figure class=\"wp-block-gallery has-nested-images columns-default is-cropped wp-block-gallery-4 is-layout-flex wp-block-gallery-is-layout-flex\">\n<figure class=\"wp-block-image size-large\"><img loading=\"lazy\" decoding=\"async\" width=\"768\" height=\"1024\" data-id=\"2543\" src=\"https:\/\/sue\u00f1adignidad.com\/wp-content\/uploads\/2025\/10\/WhatsApp-Image-2022-06-02-at-10.14.07-PM-768x1024.jpeg\" alt=\"\" class=\"wp-image-2543\" srcset=\"https:\/\/sue\u00f1adignidad.com\/wp-content\/uploads\/2025\/10\/WhatsApp-Image-2022-06-02-at-10.14.07-PM-768x1024.jpeg 768w, https:\/\/sue\u00f1adignidad.com\/wp-content\/uploads\/2025\/10\/WhatsApp-Image-2022-06-02-at-10.14.07-PM-225x300.jpeg 225w, https:\/\/sue\u00f1adignidad.com\/wp-content\/uploads\/2025\/10\/WhatsApp-Image-2022-06-02-at-10.14.07-PM-1152x1536.jpeg 1152w, https:\/\/sue\u00f1adignidad.com\/wp-content\/uploads\/2025\/10\/WhatsApp-Image-2022-06-02-at-10.14.07-PM.jpeg 1200w\" sizes=\"auto, (max-width: 768px) 100vw, 768px\" \/><\/figure>\n\n\n\n<figure class=\"wp-block-image size-large\"><img loading=\"lazy\" decoding=\"async\" width=\"768\" height=\"1024\" data-id=\"2542\" src=\"https:\/\/sue\u00f1adignidad.com\/wp-content\/uploads\/2025\/10\/WhatsApp-Image-2022-06-02-at-10.14.07-PM-2-768x1024.jpeg\" alt=\"\" class=\"wp-image-2542\" srcset=\"https:\/\/sue\u00f1adignidad.com\/wp-content\/uploads\/2025\/10\/WhatsApp-Image-2022-06-02-at-10.14.07-PM-2-768x1024.jpeg 768w, https:\/\/sue\u00f1adignidad.com\/wp-content\/uploads\/2025\/10\/WhatsApp-Image-2022-06-02-at-10.14.07-PM-2-225x300.jpeg 225w, https:\/\/sue\u00f1adignidad.com\/wp-content\/uploads\/2025\/10\/WhatsApp-Image-2022-06-02-at-10.14.07-PM-2-1152x1536.jpeg 1152w, https:\/\/sue\u00f1adignidad.com\/wp-content\/uploads\/2025\/10\/WhatsApp-Image-2022-06-02-at-10.14.07-PM-2.jpeg 1200w\" sizes=\"auto, (max-width: 768px) 100vw, 768px\" \/><\/figure>\n<\/figure>\n\n\n\n<p>La libertad de Jorge Ra\u00fal Tirado Ambriz es un asunto de justicia y de dignidad. El Estado mexicano debe reconocer el da\u00f1o causado, reparar la violaci\u00f3n de sus derechos y poner fin a una detenci\u00f3n que nunca debi\u00f3 ocurrir. Mantenerlo preso es prolongar una injusticia que hiere no s\u00f3lo a su familia, sino a la conciencia del pa\u00eds.<\/p>\n\n\n\n<figure class=\"wp-block-gallery has-nested-images columns-default is-cropped wp-block-gallery-5 is-layout-flex wp-block-gallery-is-layout-flex\">\n<figure class=\"wp-block-image size-large\"><img loading=\"lazy\" decoding=\"async\" width=\"1024\" height=\"1024\" data-id=\"2534\" src=\"https:\/\/sue\u00f1adignidad.com\/wp-content\/uploads\/2025\/10\/PORTADA-RAUL-1024x1024.jpg\" alt=\"\" class=\"wp-image-2534\" srcset=\"https:\/\/sue\u00f1adignidad.com\/wp-content\/uploads\/2025\/10\/PORTADA-RAUL-1024x1024.jpg 1024w, https:\/\/sue\u00f1adignidad.com\/wp-content\/uploads\/2025\/10\/PORTADA-RAUL-300x300.jpg 300w, https:\/\/sue\u00f1adignidad.com\/wp-content\/uploads\/2025\/10\/PORTADA-RAUL-150x150.jpg 150w, https:\/\/sue\u00f1adignidad.com\/wp-content\/uploads\/2025\/10\/PORTADA-RAUL-768x768.jpg 768w, https:\/\/sue\u00f1adignidad.com\/wp-content\/uploads\/2025\/10\/PORTADA-RAUL.jpg 1080w\" sizes=\"auto, (max-width: 1024px) 100vw, 1024px\" \/><\/figure>\n<\/figure>\n        <div class=\"booster-block booster-reactions-block\">\n            <div class=\"twp-reactions-icons\">\n                \n                <div class=\"twp-reacts-wrap\">\n                    <a react-data=\"be-react-1\" post-id=\"2520\" class=\"be-face-icons un-reacted\" href=\"javascript:void(0)\">\n                        <img decoding=\"async\" src=\"https:\/\/sue\u00f1adignidad.com\/wp-content\/plugins\/booster-extension\/\/assets\/icon\/happy.svg\" alt=\"Happy\">\n                    <\/a>\n                    <div class=\"twp-reaction-title\">\n                        Happy                    <\/div>\n                    <div class=\"twp-count-percent\">\n                                                    <span style=\"display: none;\" class=\"twp-react-count\">0<\/span>\n                        \n                                                <span class=\"twp-react-percent\"><span>0<\/span> %<\/span>\n                                            <\/div>\n                <\/div>\n\n                <div class=\"twp-reacts-wrap\">\n                    <a react-data=\"be-react-2\" post-id=\"2520\" class=\"be-face-icons un-reacted\" href=\"javascript:void(0)\">\n                        <img decoding=\"async\" src=\"https:\/\/sue\u00f1adignidad.com\/wp-content\/plugins\/booster-extension\/\/assets\/icon\/sad.svg\" alt=\"Sad\">\n                    <\/a>\n                    <div class=\"twp-reaction-title\">\n                        Sad                    <\/div>\n                    <div class=\"twp-count-percent\">\n                                                    <span style=\"display: none;\" class=\"twp-react-count\">0<\/span>\n                                                                        <span class=\"twp-react-percent\"><span>0<\/span> %<\/span>\n                                            <\/div>\n                <\/div>\n\n                <div class=\"twp-reacts-wrap\">\n                    <a react-data=\"be-react-3\" post-id=\"2520\" class=\"be-face-icons un-reacted\" href=\"javascript:void(0)\">\n                        <img decoding=\"async\" src=\"https:\/\/sue\u00f1adignidad.com\/wp-content\/plugins\/booster-extension\/\/assets\/icon\/excited.svg\" alt=\"Excited\">\n                    <\/a>\n                    <div class=\"twp-reaction-title\">\n                        Excited                    <\/div>\n                    <div class=\"twp-count-percent\">\n                                                    <span style=\"display: none;\" class=\"twp-react-count\">0<\/span>\n                                                                        <span class=\"twp-react-percent\"><span>0<\/span> %<\/span>\n                                            <\/div>\n                <\/div>\n\n                <div class=\"twp-reacts-wrap\">\n                    <a react-data=\"be-react-6\" post-id=\"2520\" class=\"be-face-icons un-reacted\" href=\"javascript:void(0)\">\n                        <img decoding=\"async\" src=\"https:\/\/sue\u00f1adignidad.com\/wp-content\/plugins\/booster-extension\/\/assets\/icon\/sleepy.svg\" alt=\"Sleepy\">\n                    <\/a>\n                    <div class=\"twp-reaction-title\">\n                        Sleepy                    <\/div>\n                    <div class=\"twp-count-percent\">\n                                                    <span style=\"display: none;\" class=\"twp-react-count\">0<\/span>\n                        \n                                                <span class=\"twp-react-percent\"><span>0<\/span> %<\/span>\n                                            <\/div>\n                <\/div>\n\n                <div class=\"twp-reacts-wrap\">\n                    <a react-data=\"be-react-4\" post-id=\"2520\" class=\"be-face-icons un-reacted\" href=\"javascript:void(0)\">\n                        <img decoding=\"async\" src=\"https:\/\/sue\u00f1adignidad.com\/wp-content\/plugins\/booster-extension\/\/assets\/icon\/angry.svg\" alt=\"Angry\">\n                    <\/a>\n                    <div class=\"twp-reaction-title\">Angry<\/div>\n                    <div class=\"twp-count-percent\">\n                                                    <span style=\"display: none;\" class=\"twp-react-count\">0<\/span>\n                                                                        <span class=\"twp-react-percent\"><span>0<\/span> %<\/span>\n                        \n                    <\/div>\n                <\/div>\n\n                <div class=\"twp-reacts-wrap\">\n                    <a react-data=\"be-react-5\" post-id=\"2520\" class=\"be-face-icons un-reacted\" href=\"javascript:void(0)\">\n                        <img decoding=\"async\" src=\"https:\/\/sue\u00f1adignidad.com\/wp-content\/plugins\/booster-extension\/\/assets\/icon\/surprise.svg\" alt=\"Surprise\">\n                    <\/a>\n                    <div class=\"twp-reaction-title\">Surprise<\/div>\n                    <div class=\"twp-count-percent\">\n                                                    <span style=\"display: none;\" class=\"twp-react-count\">0<\/span>\n                                                                        <span class=\"twp-react-percent\"><span>0<\/span> %<\/span>\n                                            <\/div>\n                <\/div>\n\n            <\/div>\n        <\/div>\n\n    ","protected":false},"excerpt":{"rendered":"<p>Por Alejandro Mendoza \/ Informaci\u00f3n y fotograf\u00edas, cortes\u00eda de Jafet Tirado Desde hace casi cinco a\u00f1os, Jorge Ra\u00fal Tirado Ambriz, un comerciante mexiquense de 47 a\u00f1os, est\u00e1 preso injustamente en el penal de Neza-Bordo. Fue acusado de participar en un secuestro ocurrido en 2016 en Ciudad Nezahualc\u00f3yotl, en un proceso plagado de irregularidades y pruebas [&hellip;]<\/p>\n","protected":false},"author":1,"featured_media":2521,"comment_status":"open","ping_status":"open","sticky":false,"template":"","format":"standard","meta":{"site-sidebar-layout":"default","site-content-layout":"","ast-site-content-layout":"default","site-content-style":"default","site-sidebar-style":"default","ast-global-header-display":"","ast-banner-title-visibility":"","ast-main-header-display":"","ast-hfb-above-header-display":"","ast-hfb-below-header-display":"","ast-hfb-mobile-header-display":"","site-post-title":"","ast-breadcrumbs-content":"","ast-featured-img":"","footer-sml-layout":"","ast-disable-related-posts":"","theme-transparent-header-meta":"","adv-header-id-meta":"","stick-header-meta":"","header-above-stick-meta":"","header-main-stick-meta":"","header-below-stick-meta":"","astra-migrate-meta-layouts":"default","ast-page-background-enabled":"default","ast-page-background-meta":{"desktop":{"background-color":"var(--ast-global-color-5)","background-image":"","background-repeat":"repeat","background-position":"center center","background-size":"auto","background-attachment":"scroll","background-type":"","background-media":"","overlay-type":"","overlay-color":"","overlay-opacity":"","overlay-gradient":""},"tablet":{"background-color":"","background-image":"","background-repeat":"repeat","background-position":"center center","background-size":"auto","background-attachment":"scroll","background-type":"","background-media":"","overlay-type":"","overlay-color":"","overlay-opacity":"","overlay-gradient":""},"mobile":{"background-color":"","background-image":"","background-repeat":"repeat","background-position":"center center","background-size":"auto","background-attachment":"scroll","background-type":"","background-media":"","overlay-type":"","overlay-color":"","overlay-opacity":"","overlay-gradient":""}},"ast-content-background-meta":{"desktop":{"background-color":"var(--ast-global-color-4)","background-image":"","background-repeat":"repeat","background-position":"center center","background-size":"auto","background-attachment":"scroll","background-type":"","background-media":"","overlay-type":"","overlay-color":"","overlay-opacity":"","overlay-gradient":""},"tablet":{"background-color":"var(--ast-global-color-4)","background-image":"","background-repeat":"repeat","background-position":"center center","background-size":"auto","background-attachment":"scroll","background-type":"","background-media":"","overlay-type":"","overlay-color":"","overlay-opacity":"","overlay-gradient":""},"mobile":{"background-color":"var(--ast-global-color-4)","background-image":"","background-repeat":"repeat","background-position":"center center","background-size":"auto","background-attachment":"scroll","background-type":"","background-media":"","overlay-type":"","overlay-color":"","overlay-opacity":"","overlay-gradient":""}},"footnotes":""},"categories":[79],"tags":[75,78,77,76,74],"class_list":["post-2520","post","type-post","status-publish","format-standard","has-post-thumbnail","hentry","category-fuego-a-las-prisiones","tag-fuegoalascarceles","tag-libertadparajorgetirado","tag-libertadya","tag-libresya","tag-presospoliticos"],"_links":{"self":[{"href":"https:\/\/sue\u00f1adignidad.com\/index.php?rest_route=\/wp\/v2\/posts\/2520","targetHints":{"allow":["GET"]}}],"collection":[{"href":"https:\/\/sue\u00f1adignidad.com\/index.php?rest_route=\/wp\/v2\/posts"}],"about":[{"href":"https:\/\/sue\u00f1adignidad.com\/index.php?rest_route=\/wp\/v2\/types\/post"}],"author":[{"embeddable":true,"href":"https:\/\/sue\u00f1adignidad.com\/index.php?rest_route=\/wp\/v2\/users\/1"}],"replies":[{"embeddable":true,"href":"https:\/\/sue\u00f1adignidad.com\/index.php?rest_route=%2Fwp%2Fv2%2Fcomments&post=2520"}],"version-history":[{"count":2,"href":"https:\/\/sue\u00f1adignidad.com\/index.php?rest_route=\/wp\/v2\/posts\/2520\/revisions"}],"predecessor-version":[{"id":2550,"href":"https:\/\/sue\u00f1adignidad.com\/index.php?rest_route=\/wp\/v2\/posts\/2520\/revisions\/2550"}],"wp:featuredmedia":[{"embeddable":true,"href":"https:\/\/sue\u00f1adignidad.com\/index.php?rest_route=\/wp\/v2\/media\/2521"}],"wp:attachment":[{"href":"https:\/\/sue\u00f1adignidad.com\/index.php?rest_route=%2Fwp%2Fv2%2Fmedia&parent=2520"}],"wp:term":[{"taxonomy":"category","embeddable":true,"href":"https:\/\/sue\u00f1adignidad.com\/index.php?rest_route=%2Fwp%2Fv2%2Fcategories&post=2520"},{"taxonomy":"post_tag","embeddable":true,"href":"https:\/\/sue\u00f1adignidad.com\/index.php?rest_route=%2Fwp%2Fv2%2Ftags&post=2520"}],"curies":[{"name":"wp","href":"https:\/\/api.w.org\/{rel}","templated":true}]}}