{"id":2387,"date":"2025-10-03T18:22:44","date_gmt":"2025-10-04T00:22:44","guid":{"rendered":"https:\/\/sue\u00f1adignidad.com\/?p=2387"},"modified":"2025-10-03T18:22:45","modified_gmt":"2025-10-04T00:22:45","slug":"mexico-en-las-calles-por-palestina-y-por-la-libertad-de-la-flotilla-sumud","status":"publish","type":"post","link":"https:\/\/sue\u00f1adignidad.com\/?p=2387","title":{"rendered":"M\u00e9xico en las calles por Palestina y por la libertad de la flotilla Sumud"},"content":{"rendered":"<div class='booster-block booster-read-block'>\n                <div class=\"twp-read-time\">\n                \t<i class=\"booster-icon twp-clock\"><\/i> <span>Read Time:<\/span>3 Minute, 54 Second                <\/div>\n\n            <\/div>\n<p>Cobertura por Omar Veoz, Diana H.G\u00f3mez, Karen Melo, Viridiana Mart\u00ednez y Elizabeth D\u00edaz<\/p>\n\n\n\n<p>Ciudad de M\u00e9xico, 1 de octubre de 2025 \u2014 Con banderas palestinas en alto, mantas con la demanda \u00abLibertad para los integrantes de la flotilla mexicana\u201d y el grito de \u201c\u00a1Carajo, Claudia, rompe con Netanyahu\u201d, cientos de personas marcharon en la capital para exigir el fin del genocidio contra el pueblo palestino y la liberaci\u00f3n de la flotilla humanitaria Global Sumud, secuestrada ilegalmente por Israel en aguas internacionales.<\/p>\n\n\n\n<p>Una protesta que conecta M\u00e9xico con Palestina<br>La marcha inici\u00f3 en el Hemiciclo a Ju\u00e1rez y avanz\u00f3 por Paseo de la Reforma hasta llegar a las inmediaciones del \u00c1ngel de la Independencia. Al mismo tiempo, se realizaron bloqueos en el sur de la ciudad, cerca de insurgentes sur, por vecinos y estudiantes de la Escuela Nacional de Antropolog\u00eda e Historia (ENAH).<br>Lxs manifestantes denunciaron que Israel mantiene un bloqueo inhumano sobre Gaza, que ya suma casi dos d\u00e9cadas y que impide el acceso a alimentos, medicinas y ayuda humanitaria. Con la flotilla Sumud, activistas de m\u00e1s de 44 pa\u00edses buscaron romper simb\u00f3licamente ese cerco llevando suministros, pero fueron interceptados por la marina israel\u00ed.<br>\u201cHoy salimos porque no es posible que se criminalice la solidaridad. La flotilla es un acto pac\u00edfico, humanitario, y su detenci\u00f3n es una violaci\u00f3n al derecho internacional\u201d, expresaron integrantes de colectivos solidarios durante la manifestaci\u00f3n.<\/p>\n\n\n\n<p>Lo que dijo David Pe\u00f1a en entrevista con Sue\u00f1a Dignidad<br>En entrevista para Sue\u00f1a Dignidad, el abogado David Pe\u00f1a Rodr\u00edguez aclar\u00f3 que hasta ahora no existe una acusaci\u00f3n penal formal contra los mexicanos integrantes de la flotilla. Esto, debido a que las embarcaciones no estaban en territorio israel\u00ed, sino en aguas internacionales.<\/p>\n\n\n\n<p>Pe\u00f1a tambi\u00e9n se\u00f1al\u00f3 que el Estado de Israel inform\u00f3 de manera transparente sobre las condiciones de detenci\u00f3n ni el paradero exacto de los activistas, aunque este 3 de octubre se revel\u00f3 que se encuentran en el centro de detenci\u00f3n de Ketziot en Israel. Adem\u00e1s, la Secretar\u00eda de Relaciones Exteriores (SRE) de M\u00e9xico ha dado a conocer que todxs lxs detenidos han aceptado ser repatriados al territorio nacional.<\/p>\n\n\n\n<p>Mientras esto sucede, Pe\u00f1a y las familias de las personas detenidas mantienen una mesa de di\u00e1logo permanente con la SRE, aunque la defensa se\u00f1ala que la respuesta del gobierno mexicano ha sido insuficiente:<br>\u201cLa respuesta institucional ha sido simple, limitada, frente a la gravedad de una detenci\u00f3n que claramente vulnera el derecho internacional humanitario.\u201d<\/p>\n\n\n\n<p>Para Pe\u00f1a, la detenci\u00f3n es una muestra m\u00e1s de c\u00f3mo Israel extiende su impunidad al mar al interceptar en aguas internacionales una misi\u00f3n humanitaria que llevaba alimentos y medicinas a un pueblo sitiado. Dentro de sus declaraciones, se destaca lo siguiente:<\/p>\n\n\n\n<p>\u2022\u2060 \u2060Detenci\u00f3n arbitraria sin base penal aparente. Pe\u00f1a afirma que no se tiene conocimiento de que exista una acusaci\u00f3n de car\u00e1cter penal hacia los mexicanos interceptados. En su opini\u00f3n, lo que se les imputa ser\u00eda, en el mejor de los casos, un ingreso \u201cilegal\u201d al territorio israel\u00ed, aunque reconoce que las embarcaciones no estaban en aguas israel\u00edes sino en aguas internacionales, lo que debilita esa tesis.<br>\u2022\u2060 \u2060Derecho internacional y legitimidad de la flotilla.<br>En la entrevista, Pe\u00f1a sugiere que la acci\u00f3n de la flotilla tiene sustento legal al ser una misi\u00f3n humanitaria, pac\u00edfica y realizada desde el principio en aguas internacionales. Por ello, la detenci\u00f3n y el intervencionismo israel\u00ed podr\u00edan constituir una violaci\u00f3n al derecho internacional humanitario.<br>Los di\u00e1logos con el gobierno mexicano continuaron este viernes 3 de octubre, por lo que la informaci\u00f3n que se tiene hasta ahora ser\u00e1 actualizada dentro de unas horas.<\/p>\n\n\n\n<p>Demandas en las calles de la CDMX<br>Las consignas m\u00e1s escuchadas durante la protesta fueron claras:<br>\u2022\u2060 \u2060Libertad inmediata para la flotilla Sumud y sus tripulantes.<br>\u2022\u2060 \u2060Ruptura de relaciones diplom\u00e1ticas entre M\u00e9xico e Israel.<br>\u2022\u2060 \u2060Alto al genocidio y al bloqueo de Gaza.<br>\u2022\u2060 \u2060Respeto al derecho internacional y protecci\u00f3n a las misiones humanitarias.<br>Los manifestantes insistieron en que M\u00e9xico, con una larga tradici\u00f3n diplom\u00e1tica en defensa de los pueblos, no puede mantenerse neutral ante la masacre en Palestina ni ante la detenci\u00f3n arbitraria de connacionales que participaron en la flotilla.<\/p>\n\n\n\n<p>Romper el silencio<br>Mientras los medios tradicionales subrayan el \u201ccaos vial\u201d o los \u201cdisturbios\u201d, la cobertura de Sue\u00f1a Dignidad se centra en el mensaje pol\u00edtico y humano de la movilizaci\u00f3n: solidaridad internacional, denuncia de cr\u00edmenes de guerra y exigencia de coherencia al Estado mexicano.<br>La entrevista de Sue\u00f1a Dignidad con David Pe\u00f1a pone en evidencia lo que el discurso oficial omite: que la flotilla Sumud fue interceptada en una acci\u00f3n ilegal, y que M\u00e9xico debe actuar para defender a sus ciudadanos y, con ellos, el derecho de Palestina a resistir.<\/p>\n\n\n\n<p>\u201cEl silencio favorece la impunidad. Hoy M\u00e9xico tiene la oportunidad de estar del lado de la justicia y la dignidad\u201d.<\/p>\n        <div class=\"booster-block booster-reactions-block\">\n            <div class=\"twp-reactions-icons\">\n                \n                <div class=\"twp-reacts-wrap\">\n                    <a react-data=\"be-react-1\" post-id=\"2387\" class=\"be-face-icons un-reacted\" href=\"javascript:void(0)\">\n                        <img decoding=\"async\" src=\"https:\/\/sue\u00f1adignidad.com\/wp-content\/plugins\/booster-extension\/\/assets\/icon\/happy.svg\" alt=\"Happy\">\n                    <\/a>\n                    <div class=\"twp-reaction-title\">\n                        Happy                    <\/div>\n                    <div class=\"twp-count-percent\">\n                                                    <span style=\"display: none;\" class=\"twp-react-count\">0<\/span>\n                        \n                                                <span class=\"twp-react-percent\"><span>0<\/span> %<\/span>\n                                            <\/div>\n                <\/div>\n\n                <div class=\"twp-reacts-wrap\">\n                    <a react-data=\"be-react-2\" post-id=\"2387\" class=\"be-face-icons un-reacted\" href=\"javascript:void(0)\">\n                        <img decoding=\"async\" src=\"https:\/\/sue\u00f1adignidad.com\/wp-content\/plugins\/booster-extension\/\/assets\/icon\/sad.svg\" alt=\"Sad\">\n                    <\/a>\n                    <div class=\"twp-reaction-title\">\n                        Sad                    <\/div>\n                    <div class=\"twp-count-percent\">\n                                                    <span style=\"display: none;\" class=\"twp-react-count\">0<\/span>\n                                                                        <span class=\"twp-react-percent\"><span>0<\/span> %<\/span>\n                                            <\/div>\n                <\/div>\n\n                <div class=\"twp-reacts-wrap\">\n                    <a react-data=\"be-react-3\" post-id=\"2387\" class=\"be-face-icons un-reacted\" href=\"javascript:void(0)\">\n                        <img decoding=\"async\" src=\"https:\/\/sue\u00f1adignidad.com\/wp-content\/plugins\/booster-extension\/\/assets\/icon\/excited.svg\" alt=\"Excited\">\n                    <\/a>\n                    <div class=\"twp-reaction-title\">\n                        Excited                    <\/div>\n                    <div class=\"twp-count-percent\">\n                                                    <span style=\"display: none;\" class=\"twp-react-count\">0<\/span>\n                                                                        <span class=\"twp-react-percent\"><span>0<\/span> %<\/span>\n                                            <\/div>\n                <\/div>\n\n                <div class=\"twp-reacts-wrap\">\n                    <a react-data=\"be-react-6\" post-id=\"2387\" class=\"be-face-icons un-reacted\" href=\"javascript:void(0)\">\n                        <img decoding=\"async\" src=\"https:\/\/sue\u00f1adignidad.com\/wp-content\/plugins\/booster-extension\/\/assets\/icon\/sleepy.svg\" alt=\"Sleepy\">\n                    <\/a>\n                    <div class=\"twp-reaction-title\">\n                        Sleepy                    <\/div>\n                    <div class=\"twp-count-percent\">\n                                                    <span style=\"display: none;\" class=\"twp-react-count\">0<\/span>\n                        \n                                                <span class=\"twp-react-percent\"><span>0<\/span> %<\/span>\n                                            <\/div>\n                <\/div>\n\n                <div class=\"twp-reacts-wrap\">\n                    <a react-data=\"be-react-4\" post-id=\"2387\" class=\"be-face-icons un-reacted\" href=\"javascript:void(0)\">\n                        <img decoding=\"async\" src=\"https:\/\/sue\u00f1adignidad.com\/wp-content\/plugins\/booster-extension\/\/assets\/icon\/angry.svg\" alt=\"Angry\">\n                    <\/a>\n                    <div class=\"twp-reaction-title\">Angry<\/div>\n                    <div class=\"twp-count-percent\">\n                                                    <span style=\"display: none;\" class=\"twp-react-count\">0<\/span>\n                                                                        <span class=\"twp-react-percent\"><span>0<\/span> %<\/span>\n                        \n                    <\/div>\n                <\/div>\n\n                <div class=\"twp-reacts-wrap\">\n                    <a react-data=\"be-react-5\" post-id=\"2387\" class=\"be-face-icons un-reacted\" href=\"javascript:void(0)\">\n                        <img decoding=\"async\" src=\"https:\/\/sue\u00f1adignidad.com\/wp-content\/plugins\/booster-extension\/\/assets\/icon\/surprise.svg\" alt=\"Surprise\">\n                    <\/a>\n                    <div class=\"twp-reaction-title\">Surprise<\/div>\n                    <div class=\"twp-count-percent\">\n                                                    <span style=\"display: none;\" class=\"twp-react-count\">0<\/span>\n                                                                        <span class=\"twp-react-percent\"><span>0<\/span> %<\/span>\n                                            <\/div>\n                <\/div>\n\n            <\/div>\n        <\/div>\n\n    ","protected":false},"excerpt":{"rendered":"<p>Cobertura por Omar Veoz, Diana H.G\u00f3mez, Karen Melo, Viridiana Mart\u00ednez y Elizabeth D\u00edaz Ciudad de M\u00e9xico, 1 de octubre de 2025 \u2014 Con banderas palestinas en alto, mantas con la demanda \u00abLibertad para los integrantes de la flotilla mexicana\u201d y el grito de \u201c\u00a1Carajo, Claudia, rompe con Netanyahu\u201d, cientos de personas marcharon en la capital [&hellip;]<\/p>\n","protected":false},"author":1,"featured_media":2388,"comment_status":"open","ping_status":"open","sticky":false,"template":"","format":"standard","meta":{"site-sidebar-layout":"default","site-content-layout":"","ast-site-content-layout":"default","site-content-style":"default","site-sidebar-style":"default","ast-global-header-display":"","ast-banner-title-visibility":"","ast-main-header-display":"","ast-hfb-above-header-display":"","ast-hfb-below-header-display":"","ast-hfb-mobile-header-display":"","site-post-title":"","ast-breadcrumbs-content":"","ast-featured-img":"","footer-sml-layout":"","ast-disable-related-posts":"","theme-transparent-header-meta":"","adv-header-id-meta":"","stick-header-meta":"","header-above-stick-meta":"","header-main-stick-meta":"","header-below-stick-meta":"","astra-migrate-meta-layouts":"default","ast-page-background-enabled":"default","ast-page-background-meta":{"desktop":{"background-color":"var(--ast-global-color-5)","background-image":"","background-repeat":"repeat","background-position":"center center","background-size":"auto","background-attachment":"scroll","background-type":"","background-media":"","overlay-type":"","overlay-color":"","overlay-opacity":"","overlay-gradient":""},"tablet":{"background-color":"","background-image":"","background-repeat":"repeat","background-position":"center center","background-size":"auto","background-attachment":"scroll","background-type":"","background-media":"","overlay-type":"","overlay-color":"","overlay-opacity":"","overlay-gradient":""},"mobile":{"background-color":"","background-image":"","background-repeat":"repeat","background-position":"center center","background-size":"auto","background-attachment":"scroll","background-type":"","background-media":"","overlay-type":"","overlay-color":"","overlay-opacity":"","overlay-gradient":""}},"ast-content-background-meta":{"desktop":{"background-color":"var(--ast-global-color-4)","background-image":"","background-repeat":"repeat","background-position":"center center","background-size":"auto","background-attachment":"scroll","background-type":"","background-media":"","overlay-type":"","overlay-color":"","overlay-opacity":"","overlay-gradient":""},"tablet":{"background-color":"var(--ast-global-color-4)","background-image":"","background-repeat":"repeat","background-position":"center center","background-size":"auto","background-attachment":"scroll","background-type":"","background-media":"","overlay-type":"","overlay-color":"","overlay-opacity":"","overlay-gradient":""},"mobile":{"background-color":"var(--ast-global-color-4)","background-image":"","background-repeat":"repeat","background-position":"center center","background-size":"auto","background-attachment":"scroll","background-type":"","background-media":"","overlay-type":"","overlay-color":"","overlay-opacity":"","overlay-gradient":""}},"footnotes":""},"categories":[1],"tags":[],"class_list":["post-2387","post","type-post","status-publish","format-standard","has-post-thumbnail","hentry","category-uncategorized"],"_links":{"self":[{"href":"https:\/\/sue\u00f1adignidad.com\/index.php?rest_route=\/wp\/v2\/posts\/2387","targetHints":{"allow":["GET"]}}],"collection":[{"href":"https:\/\/sue\u00f1adignidad.com\/index.php?rest_route=\/wp\/v2\/posts"}],"about":[{"href":"https:\/\/sue\u00f1adignidad.com\/index.php?rest_route=\/wp\/v2\/types\/post"}],"author":[{"embeddable":true,"href":"https:\/\/sue\u00f1adignidad.com\/index.php?rest_route=\/wp\/v2\/users\/1"}],"replies":[{"embeddable":true,"href":"https:\/\/sue\u00f1adignidad.com\/index.php?rest_route=%2Fwp%2Fv2%2Fcomments&post=2387"}],"version-history":[{"count":1,"href":"https:\/\/sue\u00f1adignidad.com\/index.php?rest_route=\/wp\/v2\/posts\/2387\/revisions"}],"predecessor-version":[{"id":2389,"href":"https:\/\/sue\u00f1adignidad.com\/index.php?rest_route=\/wp\/v2\/posts\/2387\/revisions\/2389"}],"wp:featuredmedia":[{"embeddable":true,"href":"https:\/\/sue\u00f1adignidad.com\/index.php?rest_route=\/wp\/v2\/media\/2388"}],"wp:attachment":[{"href":"https:\/\/sue\u00f1adignidad.com\/index.php?rest_route=%2Fwp%2Fv2%2Fmedia&parent=2387"}],"wp:term":[{"taxonomy":"category","embeddable":true,"href":"https:\/\/sue\u00f1adignidad.com\/index.php?rest_route=%2Fwp%2Fv2%2Fcategories&post=2387"},{"taxonomy":"post_tag","embeddable":true,"href":"https:\/\/sue\u00f1adignidad.com\/index.php?rest_route=%2Fwp%2Fv2%2Ftags&post=2387"}],"curies":[{"name":"wp","href":"https:\/\/api.w.org\/{rel}","templated":true}]}}