{"id":2188,"date":"2025-09-08T14:37:19","date_gmt":"2025-09-08T20:37:19","guid":{"rendered":"https:\/\/sue\u00f1adignidad.com\/?p=2188"},"modified":"2025-09-08T14:55:51","modified_gmt":"2025-09-08T20:55:51","slug":"la-lucha-mazateca-avanza-en-mexico-pese-a-pausas-tras-elecciones-del-poder-judicial","status":"publish","type":"post","link":"https:\/\/sue\u00f1adignidad.com\/?p=2188","title":{"rendered":"La lucha mazateca avanza en M\u00e9xico pese a pausas tras elecciones del Poder Judicial"},"content":{"rendered":"<div class='booster-block booster-read-block'>\n                <div class=\"twp-read-time\">\n                \t<i class=\"booster-icon twp-clock\"><\/i> <span>Read Time:<\/span>8 Minute, 30 Second                <\/div>\n\n            <\/div>\n<p>Cobertura por Diana H. G\u00f3mez &amp; Elizabeth D\u00edaz <\/p>\n\n\n\n<p>Boca del R\u00edo, Veracruz.- Entre el 1 y el 3 de septiembre se llev\u00f3 a cabo el Festival \u00c9nn\u00e1 + Cumbia, una jornada cultural donde las Mazatecas por la Libertad reiteraron sus exigencias de cese a la persecuci\u00f3n pol\u00edtica contra la comunidad de Eloxochitl\u00e1n de Flores Mag\u00f3n. Espec\u00edficamente, piden la concesi\u00f3n de amparos frente a las m\u00e1s de 200 \u00f3rdenes de aprehensi\u00f3n reactivadas este 2025 en contra de 56 personas defensoras del territorio. Sin embargo, el Juez Quinto de Distrito del estado de Veracruz, Mario de la Medina Soto, advirti\u00f3 que los cambios en el Poder Judicial tras las elecciones del pasado 1 de junio han provocado que, por el momento, no se hayan asignado a todos los jueces para llevar algunos de los asuntos relacionados con el caso.<\/p>\n\n\n\n<figure class=\"wp-block-gallery has-nested-images columns-default is-cropped wp-block-gallery-1 is-layout-flex wp-block-gallery-is-layout-flex\">\n<figure class=\"wp-block-image size-large\"><img loading=\"lazy\" decoding=\"async\" width=\"1024\" height=\"683\" data-id=\"2196\" src=\"https:\/\/sue\u00f1adignidad.com\/wp-content\/uploads\/2025\/09\/elox-planton-bocadelrio-sep-25-13-1024x683.jpg\" alt=\"\" class=\"wp-image-2196\" srcset=\"https:\/\/sue\u00f1adignidad.com\/wp-content\/uploads\/2025\/09\/elox-planton-bocadelrio-sep-25-13-1024x683.jpg 1024w, https:\/\/sue\u00f1adignidad.com\/wp-content\/uploads\/2025\/09\/elox-planton-bocadelrio-sep-25-13-300x200.jpg 300w, https:\/\/sue\u00f1adignidad.com\/wp-content\/uploads\/2025\/09\/elox-planton-bocadelrio-sep-25-13-768x512.jpg 768w, https:\/\/sue\u00f1adignidad.com\/wp-content\/uploads\/2025\/09\/elox-planton-bocadelrio-sep-25-13-1536x1024.jpg 1536w, https:\/\/sue\u00f1adignidad.com\/wp-content\/uploads\/2025\/09\/elox-planton-bocadelrio-sep-25-13-2048x1365.jpg 2048w\" sizes=\"auto, (max-width: 1024px) 100vw, 1024px\" \/><\/figure>\n\n\n\n<figure class=\"wp-block-image size-large\"><img loading=\"lazy\" decoding=\"async\" width=\"1024\" height=\"683\" data-id=\"2198\" src=\"https:\/\/sue\u00f1adignidad.com\/wp-content\/uploads\/2025\/09\/elox-planton-bocadelrio-sep-25-15-1024x683.jpg\" alt=\"\" class=\"wp-image-2198\" srcset=\"https:\/\/sue\u00f1adignidad.com\/wp-content\/uploads\/2025\/09\/elox-planton-bocadelrio-sep-25-15-1024x683.jpg 1024w, https:\/\/sue\u00f1adignidad.com\/wp-content\/uploads\/2025\/09\/elox-planton-bocadelrio-sep-25-15-300x200.jpg 300w, https:\/\/sue\u00f1adignidad.com\/wp-content\/uploads\/2025\/09\/elox-planton-bocadelrio-sep-25-15-768x512.jpg 768w, https:\/\/sue\u00f1adignidad.com\/wp-content\/uploads\/2025\/09\/elox-planton-bocadelrio-sep-25-15-1536x1024.jpg 1536w, https:\/\/sue\u00f1adignidad.com\/wp-content\/uploads\/2025\/09\/elox-planton-bocadelrio-sep-25-15-2048x1365.jpg 2048w\" sizes=\"auto, (max-width: 1024px) 100vw, 1024px\" \/><\/figure>\n\n\n\n<figure class=\"wp-block-image size-large\"><img loading=\"lazy\" decoding=\"async\" width=\"1024\" height=\"643\" data-id=\"2197\" src=\"https:\/\/sue\u00f1adignidad.com\/wp-content\/uploads\/2025\/09\/elox-planton-bocadelrio-sep-25-14-1024x643.jpg\" alt=\"\" class=\"wp-image-2197\" srcset=\"https:\/\/sue\u00f1adignidad.com\/wp-content\/uploads\/2025\/09\/elox-planton-bocadelrio-sep-25-14-1024x643.jpg 1024w, https:\/\/sue\u00f1adignidad.com\/wp-content\/uploads\/2025\/09\/elox-planton-bocadelrio-sep-25-14-300x188.jpg 300w, https:\/\/sue\u00f1adignidad.com\/wp-content\/uploads\/2025\/09\/elox-planton-bocadelrio-sep-25-14-768x482.jpg 768w, https:\/\/sue\u00f1adignidad.com\/wp-content\/uploads\/2025\/09\/elox-planton-bocadelrio-sep-25-14-1536x964.jpg 1536w, https:\/\/sue\u00f1adignidad.com\/wp-content\/uploads\/2025\/09\/elox-planton-bocadelrio-sep-25-14-2048x1286.jpg 2048w\" sizes=\"auto, (max-width: 1024px) 100vw, 1024px\" \/><\/figure>\n\n\n\n<figure class=\"wp-block-image size-large\"><img loading=\"lazy\" decoding=\"async\" width=\"1024\" height=\"683\" data-id=\"2199\" src=\"https:\/\/sue\u00f1adignidad.com\/wp-content\/uploads\/2025\/09\/elox-planton-bocadelrio-sep-25-11-1024x683.jpg\" alt=\"\" class=\"wp-image-2199\" srcset=\"https:\/\/sue\u00f1adignidad.com\/wp-content\/uploads\/2025\/09\/elox-planton-bocadelrio-sep-25-11-1024x683.jpg 1024w, https:\/\/sue\u00f1adignidad.com\/wp-content\/uploads\/2025\/09\/elox-planton-bocadelrio-sep-25-11-300x200.jpg 300w, https:\/\/sue\u00f1adignidad.com\/wp-content\/uploads\/2025\/09\/elox-planton-bocadelrio-sep-25-11-768x512.jpg 768w, https:\/\/sue\u00f1adignidad.com\/wp-content\/uploads\/2025\/09\/elox-planton-bocadelrio-sep-25-11-1536x1024.jpg 1536w, https:\/\/sue\u00f1adignidad.com\/wp-content\/uploads\/2025\/09\/elox-planton-bocadelrio-sep-25-11-2048x1365.jpg 2048w\" sizes=\"auto, (max-width: 1024px) 100vw, 1024px\" \/><\/figure>\n\n\n\n<figure class=\"wp-block-image size-large\"><img loading=\"lazy\" decoding=\"async\" width=\"1024\" height=\"721\" data-id=\"2200\" src=\"https:\/\/sue\u00f1adignidad.com\/wp-content\/uploads\/2025\/09\/elox-planton-bocadelrio-sep-25-12-1024x721.jpg\" alt=\"\" class=\"wp-image-2200\" srcset=\"https:\/\/sue\u00f1adignidad.com\/wp-content\/uploads\/2025\/09\/elox-planton-bocadelrio-sep-25-12-1024x721.jpg 1024w, https:\/\/sue\u00f1adignidad.com\/wp-content\/uploads\/2025\/09\/elox-planton-bocadelrio-sep-25-12-300x211.jpg 300w, https:\/\/sue\u00f1adignidad.com\/wp-content\/uploads\/2025\/09\/elox-planton-bocadelrio-sep-25-12-768x541.jpg 768w, https:\/\/sue\u00f1adignidad.com\/wp-content\/uploads\/2025\/09\/elox-planton-bocadelrio-sep-25-12-1536x1082.jpg 1536w, https:\/\/sue\u00f1adignidad.com\/wp-content\/uploads\/2025\/09\/elox-planton-bocadelrio-sep-25-12-2048x1442.jpg 2048w\" sizes=\"auto, (max-width: 1024px) 100vw, 1024px\" \/><\/figure>\n<\/figure>\n\n\n\n<p>Las declaraciones del funcionario tuvieron lugar este martes 2 de septiembre en el plant\u00f3n instalado por las Mazatecas frente al edificio del Poder Judicial de la Federaci\u00f3n (PJF) en Boca Del R\u00edo, Veracruz. Bajo las carpas que cubrieron parte de la avenida Costa de Oro durante la jornada de protesta, de la Medina Soto afirm\u00f3 que el juzgado a su cargo ya est\u00e1 recibiendo y concentrando algunos de los asuntos para comenzar a asignar fechas y avanzar en su atenci\u00f3n \u201clo antes posible\u201d.<\/p>\n\n\n\n<p>No obstante, aclar\u00f3, \u201cestamos esperando que pr\u00e1cticamente lleguen la mayor\u00eda de los titulares a este edificio [el Poder Judicial]\u201d; dicha espera que puede extenderse hasta el d\u00eda 15 del presente mes seg\u00fan los plazos establecidos en la reforma al Poder Judicial publicada el 15 de septiembre de 2024 en el Diario Oficial de la Federaci\u00f3n. Para el caso de Eloxochitl\u00e1n, es necesario que se nombre a los nuevos titulares de los juzgados Cuarto y Quinto de Veracruz, quienes \u2014junto con Mario de la Medina\u2014 se har\u00e1n cargo de conformar y analizar los expedientes correspondientes a los procesos penales 02\/2015, 55\/2014, 04\/2015 y 16\/2016.<\/p>\n\n\n\n<figure class=\"wp-block-gallery has-nested-images columns-default is-cropped wp-block-gallery-2 is-layout-flex wp-block-gallery-is-layout-flex\">\n<figure class=\"wp-block-image size-large\"><img loading=\"lazy\" decoding=\"async\" width=\"1024\" height=\"683\" data-id=\"2192\" src=\"https:\/\/sue\u00f1adignidad.com\/wp-content\/uploads\/2025\/09\/elox-planton-bocadelrio-sep-25-18-1024x683.jpg\" alt=\"\" class=\"wp-image-2192\" srcset=\"https:\/\/sue\u00f1adignidad.com\/wp-content\/uploads\/2025\/09\/elox-planton-bocadelrio-sep-25-18-1024x683.jpg 1024w, https:\/\/sue\u00f1adignidad.com\/wp-content\/uploads\/2025\/09\/elox-planton-bocadelrio-sep-25-18-300x200.jpg 300w, https:\/\/sue\u00f1adignidad.com\/wp-content\/uploads\/2025\/09\/elox-planton-bocadelrio-sep-25-18-768x512.jpg 768w, https:\/\/sue\u00f1adignidad.com\/wp-content\/uploads\/2025\/09\/elox-planton-bocadelrio-sep-25-18-1536x1024.jpg 1536w, https:\/\/sue\u00f1adignidad.com\/wp-content\/uploads\/2025\/09\/elox-planton-bocadelrio-sep-25-18-2048x1365.jpg 2048w\" sizes=\"auto, (max-width: 1024px) 100vw, 1024px\" \/><\/figure>\n\n\n\n<figure class=\"wp-block-image size-large\"><img loading=\"lazy\" decoding=\"async\" width=\"1024\" height=\"683\" data-id=\"2193\" src=\"https:\/\/sue\u00f1adignidad.com\/wp-content\/uploads\/2025\/09\/elox-planton-bocadelrio-sep-25-19-1024x683.jpg\" alt=\"\" class=\"wp-image-2193\" srcset=\"https:\/\/sue\u00f1adignidad.com\/wp-content\/uploads\/2025\/09\/elox-planton-bocadelrio-sep-25-19-1024x683.jpg 1024w, https:\/\/sue\u00f1adignidad.com\/wp-content\/uploads\/2025\/09\/elox-planton-bocadelrio-sep-25-19-300x200.jpg 300w, https:\/\/sue\u00f1adignidad.com\/wp-content\/uploads\/2025\/09\/elox-planton-bocadelrio-sep-25-19-768x512.jpg 768w, https:\/\/sue\u00f1adignidad.com\/wp-content\/uploads\/2025\/09\/elox-planton-bocadelrio-sep-25-19-1536x1024.jpg 1536w, https:\/\/sue\u00f1adignidad.com\/wp-content\/uploads\/2025\/09\/elox-planton-bocadelrio-sep-25-19-2048x1365.jpg 2048w\" sizes=\"auto, (max-width: 1024px) 100vw, 1024px\" \/><\/figure>\n\n\n\n<figure class=\"wp-block-image size-large\"><img loading=\"lazy\" decoding=\"async\" width=\"1024\" height=\"722\" data-id=\"2194\" src=\"https:\/\/sue\u00f1adignidad.com\/wp-content\/uploads\/2025\/09\/elox-planton-bocadelrio-sep-25-20-1024x722.jpg\" alt=\"\" class=\"wp-image-2194\" srcset=\"https:\/\/sue\u00f1adignidad.com\/wp-content\/uploads\/2025\/09\/elox-planton-bocadelrio-sep-25-20-1024x722.jpg 1024w, https:\/\/sue\u00f1adignidad.com\/wp-content\/uploads\/2025\/09\/elox-planton-bocadelrio-sep-25-20-300x212.jpg 300w, https:\/\/sue\u00f1adignidad.com\/wp-content\/uploads\/2025\/09\/elox-planton-bocadelrio-sep-25-20-768x542.jpg 768w, https:\/\/sue\u00f1adignidad.com\/wp-content\/uploads\/2025\/09\/elox-planton-bocadelrio-sep-25-20-1536x1083.jpg 1536w, https:\/\/sue\u00f1adignidad.com\/wp-content\/uploads\/2025\/09\/elox-planton-bocadelrio-sep-25-20-2048x1444.jpg 2048w\" sizes=\"auto, (max-width: 1024px) 100vw, 1024px\" \/><\/figure>\n\n\n\n<figure class=\"wp-block-image size-large\"><img loading=\"lazy\" decoding=\"async\" width=\"1024\" height=\"683\" data-id=\"2195\" src=\"https:\/\/sue\u00f1adignidad.com\/wp-content\/uploads\/2025\/09\/elox-planton-bocadelrio-sep-25-21-1024x683.jpg\" alt=\"\" class=\"wp-image-2195\" srcset=\"https:\/\/sue\u00f1adignidad.com\/wp-content\/uploads\/2025\/09\/elox-planton-bocadelrio-sep-25-21-1024x683.jpg 1024w, https:\/\/sue\u00f1adignidad.com\/wp-content\/uploads\/2025\/09\/elox-planton-bocadelrio-sep-25-21-300x200.jpg 300w, https:\/\/sue\u00f1adignidad.com\/wp-content\/uploads\/2025\/09\/elox-planton-bocadelrio-sep-25-21-768x512.jpg 768w, https:\/\/sue\u00f1adignidad.com\/wp-content\/uploads\/2025\/09\/elox-planton-bocadelrio-sep-25-21-1536x1024.jpg 1536w, https:\/\/sue\u00f1adignidad.com\/wp-content\/uploads\/2025\/09\/elox-planton-bocadelrio-sep-25-21-2048x1365.jpg 2048w\" sizes=\"auto, (max-width: 1024px) 100vw, 1024px\" \/><\/figure>\n<\/figure>\n\n\n\n<p><strong>\u00bfQu\u00e9 falta para la libertad de las y los mazatecos?<\/strong><\/p>\n\n\n\n<p>La comunidad de Eloxochitl\u00e1n de Flores Mag\u00f3n han luchado durante poco m\u00e1s de una d\u00e9cada por la liberaci\u00f3n de las y los defensores de su territorio, aquel donde el r\u00edo Xanga Nd\u00e1 Ge ha sido explotado por un cacicazgo que se niega a detener la persecuci\u00f3n pol\u00edtica. La \u00faltima estrategia de esta persecuci\u00f3n fue la reactivaci\u00f3n de m\u00e1s de 200 \u00f3rdenes de aprehensi\u00f3n contra 56 habitantes de Eloxochitl\u00e1n, dada a conocer en el mes de junio de este 2025 por la Segunda Sala del Tribunal Superior de Justicia del Estado de Oaxaca.<\/p>\n\n\n\n<p>Los delitos asentados en dichas \u00f3rdenes son incendio de veh\u00edculos y casas, adem\u00e1s de robos a tiendas y viviendas particulares. Estas acusaciones se hicieron en 2016, dos a\u00f1os despu\u00e9s de la supuesta comisi\u00f3n de los delitos en diciembre de 2014. Pese a la prescripci\u00f3n de los hechos \u2014y seg\u00fan lo declarado por la abogada mazateca Argelia Betanzos\u2014, las \u00f3rdenes fueron concedidas gracias a la complicidad del Poder Judicial oaxaque\u00f1o.<\/p>\n\n\n\n<p>Es por eso que, desde agosto de 2022, el Instituto Federal de la Defensor\u00eda P\u00fablica (IFDP) acept\u00f3 un convenio por medio del cual el caso ha salido de lo local para ser atendido por instancias federales. De ah\u00ed que las y los mazatecos est\u00e9n llevando sus exigencias hasta el PJF en Boca del R\u00edo. Aqu\u00ed, sus peticiones resuenan fuerte y claro.<\/p>\n\n\n\n<p><strong>\u201cA 10 a\u00f1os, ya no es ni siquiera para poner en duda si tenemos o no la raz\u00f3n\u201d, afirm\u00f3 la abogada Argelia Betanzos en respuesta a la promesa del juez Mario de la Medina, quien se comprometi\u00f3 a estudiar los asuntos y dar la raz\u00f3n a quien se queje con justicia.<\/strong><\/p>\n\n\n\n<p>Frente a esta promesa, Betanzos reiter\u00f3 que el acompa\u00f1amiento del IFDP habla por s\u00ed solo de las inconsistencias que ha habido en el caso contra Eloxochitl\u00e1n. Seg\u00fan la defensora, el mismo Instituto ya ha reconocido que el delito de robo presente en las \u00f3rdenes de aprehensi\u00f3n ya est\u00e1 prescrito; ahora es turno de las y los jueces en Veracruz de demostrar esta prescripci\u00f3n o determinar la no acreditaci\u00f3n de las acusaciones.<\/p>\n\n\n\n<p>Ante dicho panorama, las Mazatecas entregaron un pliego petitorio en el PJF de Boca del R\u00edo. En \u00e9l piden que todos los juicios correspondientes a los procesos penales mencionados anteriormente se re\u00fanan en un solo juzgado para que no se dicten sentencias en contrario. Al respecto, cabe mencionar que solamente falta conocer qu\u00e9 juzgado estar\u00eda a cargo del asunto 55\/2014.&nbsp;<\/p>\n\n\n\n<figure class=\"wp-block-gallery has-nested-images columns-default is-cropped wp-block-gallery-3 is-layout-flex wp-block-gallery-is-layout-flex\">\n<figure class=\"wp-block-image size-large\"><img loading=\"lazy\" decoding=\"async\" width=\"1024\" height=\"576\" data-id=\"2202\" src=\"https:\/\/sue\u00f1adignidad.com\/wp-content\/uploads\/2025\/09\/elox-planton-bocadelrio-sep-25-75-1024x576.jpg\" alt=\"\" class=\"wp-image-2202\" srcset=\"https:\/\/sue\u00f1adignidad.com\/wp-content\/uploads\/2025\/09\/elox-planton-bocadelrio-sep-25-75-1024x576.jpg 1024w, https:\/\/sue\u00f1adignidad.com\/wp-content\/uploads\/2025\/09\/elox-planton-bocadelrio-sep-25-75-300x169.jpg 300w, https:\/\/sue\u00f1adignidad.com\/wp-content\/uploads\/2025\/09\/elox-planton-bocadelrio-sep-25-75-768x432.jpg 768w, https:\/\/sue\u00f1adignidad.com\/wp-content\/uploads\/2025\/09\/elox-planton-bocadelrio-sep-25-75-1536x864.jpg 1536w, https:\/\/sue\u00f1adignidad.com\/wp-content\/uploads\/2025\/09\/elox-planton-bocadelrio-sep-25-75-2048x1152.jpg 2048w\" sizes=\"auto, (max-width: 1024px) 100vw, 1024px\" \/><\/figure>\n\n\n\n<figure class=\"wp-block-image size-large\"><img loading=\"lazy\" decoding=\"async\" width=\"1024\" height=\"683\" data-id=\"2203\" src=\"https:\/\/sue\u00f1adignidad.com\/wp-content\/uploads\/2025\/09\/elox-planton-bocadelrio-sep-25-25-1024x683.jpg\" alt=\"\" class=\"wp-image-2203\" srcset=\"https:\/\/sue\u00f1adignidad.com\/wp-content\/uploads\/2025\/09\/elox-planton-bocadelrio-sep-25-25-1024x683.jpg 1024w, https:\/\/sue\u00f1adignidad.com\/wp-content\/uploads\/2025\/09\/elox-planton-bocadelrio-sep-25-25-300x200.jpg 300w, https:\/\/sue\u00f1adignidad.com\/wp-content\/uploads\/2025\/09\/elox-planton-bocadelrio-sep-25-25-768x512.jpg 768w, https:\/\/sue\u00f1adignidad.com\/wp-content\/uploads\/2025\/09\/elox-planton-bocadelrio-sep-25-25-1536x1024.jpg 1536w, https:\/\/sue\u00f1adignidad.com\/wp-content\/uploads\/2025\/09\/elox-planton-bocadelrio-sep-25-25-2048x1365.jpg 2048w\" sizes=\"auto, (max-width: 1024px) 100vw, 1024px\" \/><\/figure>\n\n\n\n<figure class=\"wp-block-image size-large\"><img loading=\"lazy\" decoding=\"async\" width=\"1024\" height=\"683\" data-id=\"2204\" src=\"https:\/\/sue\u00f1adignidad.com\/wp-content\/uploads\/2025\/09\/elox-planton-bocadelrio-sep-25-26-1024x683.jpg\" alt=\"\" class=\"wp-image-2204\" srcset=\"https:\/\/sue\u00f1adignidad.com\/wp-content\/uploads\/2025\/09\/elox-planton-bocadelrio-sep-25-26-1024x683.jpg 1024w, https:\/\/sue\u00f1adignidad.com\/wp-content\/uploads\/2025\/09\/elox-planton-bocadelrio-sep-25-26-300x200.jpg 300w, https:\/\/sue\u00f1adignidad.com\/wp-content\/uploads\/2025\/09\/elox-planton-bocadelrio-sep-25-26-768x512.jpg 768w, https:\/\/sue\u00f1adignidad.com\/wp-content\/uploads\/2025\/09\/elox-planton-bocadelrio-sep-25-26-1536x1024.jpg 1536w, https:\/\/sue\u00f1adignidad.com\/wp-content\/uploads\/2025\/09\/elox-planton-bocadelrio-sep-25-26-2048x1365.jpg 2048w\" sizes=\"auto, (max-width: 1024px) 100vw, 1024px\" \/><\/figure>\n\n\n\n<figure class=\"wp-block-image size-large\"><img loading=\"lazy\" decoding=\"async\" width=\"1024\" height=\"683\" data-id=\"2205\" src=\"https:\/\/sue\u00f1adignidad.com\/wp-content\/uploads\/2025\/09\/elox-planton-bocadelrio-sep-25-45-1024x683.jpg\" alt=\"\" class=\"wp-image-2205\" srcset=\"https:\/\/sue\u00f1adignidad.com\/wp-content\/uploads\/2025\/09\/elox-planton-bocadelrio-sep-25-45-1024x683.jpg 1024w, https:\/\/sue\u00f1adignidad.com\/wp-content\/uploads\/2025\/09\/elox-planton-bocadelrio-sep-25-45-300x200.jpg 300w, https:\/\/sue\u00f1adignidad.com\/wp-content\/uploads\/2025\/09\/elox-planton-bocadelrio-sep-25-45-768x512.jpg 768w, https:\/\/sue\u00f1adignidad.com\/wp-content\/uploads\/2025\/09\/elox-planton-bocadelrio-sep-25-45-1536x1024.jpg 1536w, https:\/\/sue\u00f1adignidad.com\/wp-content\/uploads\/2025\/09\/elox-planton-bocadelrio-sep-25-45-2048x1365.jpg 2048w\" sizes=\"auto, (max-width: 1024px) 100vw, 1024px\" \/><\/figure>\n\n\n\n<figure class=\"wp-block-image size-large\"><img loading=\"lazy\" decoding=\"async\" width=\"1000\" height=\"563\" data-id=\"2201\" src=\"https:\/\/sue\u00f1adignidad.com\/wp-content\/uploads\/2025\/09\/elox-planton-bocadelrio-sep-25-80.jpg\" alt=\"\" class=\"wp-image-2201\" srcset=\"https:\/\/sue\u00f1adignidad.com\/wp-content\/uploads\/2025\/09\/elox-planton-bocadelrio-sep-25-80.jpg 1000w, https:\/\/sue\u00f1adignidad.com\/wp-content\/uploads\/2025\/09\/elox-planton-bocadelrio-sep-25-80-300x169.jpg 300w, https:\/\/sue\u00f1adignidad.com\/wp-content\/uploads\/2025\/09\/elox-planton-bocadelrio-sep-25-80-768x432.jpg 768w\" sizes=\"auto, (max-width: 1000px) 100vw, 1000px\" \/><\/figure>\n<\/figure>\n\n\n\n<p>Tambi\u00e9n se pide que se den a conocer fechas definitivas para la resoluci\u00f3n de los juicios de amparo promovidos contra las \u00f3rdenes de aprehensi\u00f3n antes de que termine el mes de septiembre. De lo contrario, la comunidad teme que esta situaci\u00f3n de incertidumbre y acoso contra las personas afectadas se extienda hasta el a\u00f1o 2026.&nbsp;<\/p>\n\n\n\n<p>Finalmente, se exige concretar una reuni\u00f3n urgente con el Fiscal General del Estado de Oaxaca y con la presidenta del Tribunal Superior de Justicia del mismo estado. Esto, \u201cpara que se solucione la crisis de informaci\u00f3n relacionada con las causas penales y averiguaciones previas relacionadas con los amparos federales, dado que algunos casos sufren de obstaculizaci\u00f3n del Acceso a la justicia por el mal manejo de la informaci\u00f3n\u201d seg\u00fan se lee en el pliego petitorio.<\/p>\n\n\n\n<p>Adem\u00e1s del llamado al Poder Judicial en Veracruz, Argelia Betanzos tambi\u00e9n interpela al reci\u00e9n nombrado presidente de la Suprema Corte de Justicia de la Naci\u00f3n, Hugo Aguilar Ortiz. Como persona perteneciente a un pueblo originario, Aguilar tiene la obligaci\u00f3n de voltear la mirada a Eloxochitl\u00e1n y atender un caso que ha dejado desplazamientos forzados y graves violaciones a derechos humanos a su paso.<\/p>\n\n\n\n<p><strong>A 12 a\u00f1os de persecuci\u00f3n, defensores contin\u00faan persiguiendo la justicia<\/strong><\/p>\n\n\n\n<p>Las declaraciones de Argelia Betanzos y del juez Mario de la Medina Soto se dieron minutos antes del inicio del Festival \u00c9nn\u00e1 + Cumbia. En \u00e9l participaron diversos colectivxs y personas de Xalapa, Tlaxcala, Ciudad de M\u00e9xico y el Estado de M\u00e9xico (entre otras latitudes), adem\u00e1s de algunos de las y los perseguidos pol\u00edticos de Eloxochitl\u00e1n.&nbsp;<\/p>\n\n\n\n<p>Entre ellos se encuentran Jorge Betanzos Gonz\u00e1lez y su hijo Ad\u00e1n Betanzos Ordaz, quienes platicaron con Sue\u00f1a Dignidad durante el plant\u00f3n en Boca del R\u00edo. Jorge, una persona mayor dedicada al comercio de verduras, tiene una orden de aprehensi\u00f3n activa desde 2014. Gracias a esto, la tranquilidad de salir a la calle a realizar sus actividades le ha abandonado desde hace tiempo.&nbsp;<\/p>\n\n\n\n<p>Los retenes de polic\u00edas determinan sus rutas y horarios para evitar ser detenido, y es su esposa quien debe salir a comprar verduras para sostener a su familia econ\u00f3micamente. Por cumplir esta responsabilidad, ella ha sufrido diversos accidentes que han desembocado en fracturas y golpes de los que cada vez es m\u00e1s dif\u00edcil recuperarse.<\/p>\n\n\n\n<figure class=\"wp-block-image size-large\"><img loading=\"lazy\" decoding=\"async\" width=\"1024\" height=\"683\" src=\"https:\/\/sue\u00f1adignidad.com\/wp-content\/uploads\/2025\/09\/elox-planton-bocadelrio-sep-25-54-1024x683.jpg\" alt=\"\" class=\"wp-image-2211\" srcset=\"https:\/\/sue\u00f1adignidad.com\/wp-content\/uploads\/2025\/09\/elox-planton-bocadelrio-sep-25-54-1024x683.jpg 1024w, https:\/\/sue\u00f1adignidad.com\/wp-content\/uploads\/2025\/09\/elox-planton-bocadelrio-sep-25-54-300x200.jpg 300w, https:\/\/sue\u00f1adignidad.com\/wp-content\/uploads\/2025\/09\/elox-planton-bocadelrio-sep-25-54-768x512.jpg 768w, https:\/\/sue\u00f1adignidad.com\/wp-content\/uploads\/2025\/09\/elox-planton-bocadelrio-sep-25-54-1536x1024.jpg 1536w, https:\/\/sue\u00f1adignidad.com\/wp-content\/uploads\/2025\/09\/elox-planton-bocadelrio-sep-25-54-2048x1365.jpg 2048w\" sizes=\"auto, (max-width: 1024px) 100vw, 1024px\" \/><\/figure>\n\n\n\n<figure class=\"wp-block-gallery has-nested-images columns-default is-cropped wp-block-gallery-4 is-layout-flex wp-block-gallery-is-layout-flex\">\n<figure class=\"wp-block-image size-large\"><img loading=\"lazy\" decoding=\"async\" width=\"1024\" height=\"683\" data-id=\"2209\" src=\"https:\/\/sue\u00f1adignidad.com\/wp-content\/uploads\/2025\/09\/elox-planton-bocadelrio-sep-25-52-1024x683.jpg\" alt=\"\" class=\"wp-image-2209\" srcset=\"https:\/\/sue\u00f1adignidad.com\/wp-content\/uploads\/2025\/09\/elox-planton-bocadelrio-sep-25-52-1024x683.jpg 1024w, https:\/\/sue\u00f1adignidad.com\/wp-content\/uploads\/2025\/09\/elox-planton-bocadelrio-sep-25-52-300x200.jpg 300w, https:\/\/sue\u00f1adignidad.com\/wp-content\/uploads\/2025\/09\/elox-planton-bocadelrio-sep-25-52-768x512.jpg 768w, https:\/\/sue\u00f1adignidad.com\/wp-content\/uploads\/2025\/09\/elox-planton-bocadelrio-sep-25-52-1536x1024.jpg 1536w, https:\/\/sue\u00f1adignidad.com\/wp-content\/uploads\/2025\/09\/elox-planton-bocadelrio-sep-25-52-2048x1365.jpg 2048w\" sizes=\"auto, (max-width: 1024px) 100vw, 1024px\" \/><\/figure>\n\n\n\n<figure class=\"wp-block-image size-large\"><img loading=\"lazy\" decoding=\"async\" width=\"1024\" height=\"717\" data-id=\"2210\" src=\"https:\/\/sue\u00f1adignidad.com\/wp-content\/uploads\/2025\/09\/elox-planton-bocadelrio-sep-25-53-1024x717.jpg\" alt=\"\" class=\"wp-image-2210\" srcset=\"https:\/\/sue\u00f1adignidad.com\/wp-content\/uploads\/2025\/09\/elox-planton-bocadelrio-sep-25-53-1024x717.jpg 1024w, https:\/\/sue\u00f1adignidad.com\/wp-content\/uploads\/2025\/09\/elox-planton-bocadelrio-sep-25-53-300x210.jpg 300w, https:\/\/sue\u00f1adignidad.com\/wp-content\/uploads\/2025\/09\/elox-planton-bocadelrio-sep-25-53-768x538.jpg 768w, https:\/\/sue\u00f1adignidad.com\/wp-content\/uploads\/2025\/09\/elox-planton-bocadelrio-sep-25-53-1536x1076.jpg 1536w, https:\/\/sue\u00f1adignidad.com\/wp-content\/uploads\/2025\/09\/elox-planton-bocadelrio-sep-25-53-2048x1435.jpg 2048w\" sizes=\"auto, (max-width: 1024px) 100vw, 1024px\" \/><\/figure>\n<\/figure>\n\n\n\n<p>Su hijo Ad\u00e1n, de 34 a\u00f1os, tambi\u00e9n ha sido afectado directamente por la persecuci\u00f3n pol\u00edtica. \u00c9l fue liberado de una orden de aprehensi\u00f3n entre 2016 y 2017, pero este 2025 se activ\u00f3 otra orden en su contra. Antes de que esto sucediera, Ad\u00e1n y su familia tuvieron que salir de Eloxochitl\u00e1n para salvaguardar sus vidas.&nbsp;<\/p>\n\n\n\n<p><strong>\u201cImag\u00ednate tener que moverte con una beb\u00e9 de la comunidad donde siempre has vivido y siempre has trabajado. Ya nos hab\u00edamos instalado en nuestro hogar, y tener que movernos de la nada fue muy complicado f\u00edsica, moral y emocionalmente\u201d, declar\u00f3.&nbsp;<\/strong><\/p>\n\n\n\n<p>\u00c9l, su esposa y sus tres hijas de 10, 9 y 3 a\u00f1os de edad no llevan una vida normal. La tranquilidad tambi\u00e9n llega a cuentagotas a su hogar, y el temor de ser detenido o de que le puedan fabricar m\u00e1s delitos es una idea que ronda su cabeza a diario.<\/p>\n\n\n\n<p>Otra de las personas afectadas es la maestra jubilada Eusebia Zepeda, una mujer de m\u00e1s de 70 a\u00f1os quien, como Ad\u00e1n, tuvo que salir de Eloxochitl\u00e1n tras la fabricaci\u00f3n de delitos en su contra. A ella se le ha acusado de intento de homicidio, incendio y robo, y tambi\u00e9n forma parte de la lista de las 56 personas se\u00f1aladas en las \u00f3rdenes de aprehensi\u00f3n liberadas este 2025. Desde 2014, a ra\u00edz de la persecuci\u00f3n pol\u00edtica, su salud se ha deteriorado. Sufre de v\u00e9rtigos constantes que la ponen en riesgo de sufrir accidentes, y su sentido del o\u00eddo ha disminuido de manera notable.<\/p>\n\n\n\n<figure class=\"wp-block-image size-large\"><img loading=\"lazy\" decoding=\"async\" width=\"1024\" height=\"683\" src=\"https:\/\/sue\u00f1adignidad.com\/wp-content\/uploads\/2025\/09\/elox-planton-bocadelrio-sep-25-24-1024x683.jpg\" alt=\"\" class=\"wp-image-2206\" srcset=\"https:\/\/sue\u00f1adignidad.com\/wp-content\/uploads\/2025\/09\/elox-planton-bocadelrio-sep-25-24-1024x683.jpg 1024w, https:\/\/sue\u00f1adignidad.com\/wp-content\/uploads\/2025\/09\/elox-planton-bocadelrio-sep-25-24-300x200.jpg 300w, https:\/\/sue\u00f1adignidad.com\/wp-content\/uploads\/2025\/09\/elox-planton-bocadelrio-sep-25-24-768x512.jpg 768w, https:\/\/sue\u00f1adignidad.com\/wp-content\/uploads\/2025\/09\/elox-planton-bocadelrio-sep-25-24-1536x1024.jpg 1536w, https:\/\/sue\u00f1adignidad.com\/wp-content\/uploads\/2025\/09\/elox-planton-bocadelrio-sep-25-24-2048x1365.jpg 2048w\" sizes=\"auto, (max-width: 1024px) 100vw, 1024px\" \/><\/figure>\n\n\n\n<figure class=\"wp-block-gallery has-nested-images columns-default is-cropped wp-block-gallery-5 is-layout-flex wp-block-gallery-is-layout-flex\">\n<figure class=\"wp-block-image size-large\"><img loading=\"lazy\" decoding=\"async\" width=\"1024\" height=\"683\" data-id=\"2207\" src=\"https:\/\/sue\u00f1adignidad.com\/wp-content\/uploads\/2025\/09\/elox-planton-bocadelrio-sep-25-50-1024x683.jpg\" alt=\"\" class=\"wp-image-2207\" srcset=\"https:\/\/sue\u00f1adignidad.com\/wp-content\/uploads\/2025\/09\/elox-planton-bocadelrio-sep-25-50-1024x683.jpg 1024w, https:\/\/sue\u00f1adignidad.com\/wp-content\/uploads\/2025\/09\/elox-planton-bocadelrio-sep-25-50-300x200.jpg 300w, https:\/\/sue\u00f1adignidad.com\/wp-content\/uploads\/2025\/09\/elox-planton-bocadelrio-sep-25-50-768x512.jpg 768w, https:\/\/sue\u00f1adignidad.com\/wp-content\/uploads\/2025\/09\/elox-planton-bocadelrio-sep-25-50-1536x1024.jpg 1536w, https:\/\/sue\u00f1adignidad.com\/wp-content\/uploads\/2025\/09\/elox-planton-bocadelrio-sep-25-50-2048x1365.jpg 2048w\" sizes=\"auto, (max-width: 1024px) 100vw, 1024px\" \/><\/figure>\n\n\n\n<figure class=\"wp-block-image size-large\"><img loading=\"lazy\" decoding=\"async\" width=\"1024\" height=\"693\" data-id=\"2208\" src=\"https:\/\/sue\u00f1adignidad.com\/wp-content\/uploads\/2025\/09\/elox-planton-bocadelrio-sep-25-41-1024x693.jpg\" alt=\"\" class=\"wp-image-2208\" srcset=\"https:\/\/sue\u00f1adignidad.com\/wp-content\/uploads\/2025\/09\/elox-planton-bocadelrio-sep-25-41-1024x693.jpg 1024w, https:\/\/sue\u00f1adignidad.com\/wp-content\/uploads\/2025\/09\/elox-planton-bocadelrio-sep-25-41-300x203.jpg 300w, https:\/\/sue\u00f1adignidad.com\/wp-content\/uploads\/2025\/09\/elox-planton-bocadelrio-sep-25-41-768x519.jpg 768w, https:\/\/sue\u00f1adignidad.com\/wp-content\/uploads\/2025\/09\/elox-planton-bocadelrio-sep-25-41-1536x1039.jpg 1536w, https:\/\/sue\u00f1adignidad.com\/wp-content\/uploads\/2025\/09\/elox-planton-bocadelrio-sep-25-41-2048x1385.jpg 2048w\" sizes=\"auto, (max-width: 1024px) 100vw, 1024px\" \/><\/figure>\n<\/figure>\n\n\n\n<p>Pese a ello, la maestra Eusebia \u2014como la conocen en su comunidad y en los espacios de lucha\u2014 no deja de resistirse ante las injusticias y la impunidad. Ese fuego interno se dej\u00f3 sentir en el Festival \u00c9nn\u00e1 + Cumbia: en sus gritos por la libertad; en la comida preparada por sus manos y las de sus compa\u00f1eras mazatecas; en las antorchas que marcharon desde la orilla del mar hasta el Poder Judicial.&nbsp; \u201cTengo mucho coraje, pero tambi\u00e9n muchas m\u00e1s ganas de ver a mi pueblo libre\u201d, asever\u00f3 con determinaci\u00f3n.<\/p>\n\n\n\n<p>El Festival reuni\u00f3 a m\u00fasicos como Nawal del Arrabal, Hunaac-cel y las Musas Sonideras, quienes no s\u00f3lo llevaron baile sino tambi\u00e9n letras cargadas de digna rabia ante las violencias que aquejan a Eloxochitl\u00e1n y a todo el territorio mexicano. Asimismo, se realizaron talleres de barro y de elaboraciones de fanzines, y cerca del cierre de la jornada el 2 de septiembre, la Red de Resistencia y Rebeld\u00eda en Apoyo al CNI-CIG del Puerto de Veracruz ley\u00f3 un comunicado tras la detenci\u00f3n de m\u00e1s de 100 mujeres normalistas en Teteles, Puebla.<\/p>\n\n\n\n<figure class=\"wp-block-gallery has-nested-images columns-default is-cropped wp-block-gallery-6 is-layout-flex wp-block-gallery-is-layout-flex\">\n<figure class=\"wp-block-image size-large\"><img loading=\"lazy\" decoding=\"async\" width=\"1024\" height=\"683\" data-id=\"2212\" src=\"https:\/\/sue\u00f1adignidad.com\/wp-content\/uploads\/2025\/09\/elox-planton-bocadelrio-sep-25-61-1024x683.jpg\" alt=\"\" class=\"wp-image-2212\" srcset=\"https:\/\/sue\u00f1adignidad.com\/wp-content\/uploads\/2025\/09\/elox-planton-bocadelrio-sep-25-61-1024x683.jpg 1024w, https:\/\/sue\u00f1adignidad.com\/wp-content\/uploads\/2025\/09\/elox-planton-bocadelrio-sep-25-61-300x200.jpg 300w, https:\/\/sue\u00f1adignidad.com\/wp-content\/uploads\/2025\/09\/elox-planton-bocadelrio-sep-25-61-768x512.jpg 768w, https:\/\/sue\u00f1adignidad.com\/wp-content\/uploads\/2025\/09\/elox-planton-bocadelrio-sep-25-61-1536x1024.jpg 1536w, https:\/\/sue\u00f1adignidad.com\/wp-content\/uploads\/2025\/09\/elox-planton-bocadelrio-sep-25-61-2048x1365.jpg 2048w\" sizes=\"auto, (max-width: 1024px) 100vw, 1024px\" \/><\/figure>\n\n\n\n<figure class=\"wp-block-image size-large\"><img loading=\"lazy\" decoding=\"async\" width=\"1024\" height=\"683\" data-id=\"2214\" src=\"https:\/\/sue\u00f1adignidad.com\/wp-content\/uploads\/2025\/09\/elox-planton-bocadelrio-sep-25-73-1024x683.jpg\" alt=\"\" class=\"wp-image-2214\" srcset=\"https:\/\/sue\u00f1adignidad.com\/wp-content\/uploads\/2025\/09\/elox-planton-bocadelrio-sep-25-73-1024x683.jpg 1024w, https:\/\/sue\u00f1adignidad.com\/wp-content\/uploads\/2025\/09\/elox-planton-bocadelrio-sep-25-73-300x200.jpg 300w, https:\/\/sue\u00f1adignidad.com\/wp-content\/uploads\/2025\/09\/elox-planton-bocadelrio-sep-25-73-768x512.jpg 768w, https:\/\/sue\u00f1adignidad.com\/wp-content\/uploads\/2025\/09\/elox-planton-bocadelrio-sep-25-73-1536x1024.jpg 1536w, https:\/\/sue\u00f1adignidad.com\/wp-content\/uploads\/2025\/09\/elox-planton-bocadelrio-sep-25-73-2048x1365.jpg 2048w\" sizes=\"auto, (max-width: 1024px) 100vw, 1024px\" \/><\/figure>\n\n\n\n<figure class=\"wp-block-image size-large\"><img loading=\"lazy\" decoding=\"async\" width=\"1024\" height=\"683\" data-id=\"2215\" src=\"https:\/\/sue\u00f1adignidad.com\/wp-content\/uploads\/2025\/09\/elox-planton-bocadelrio-sep-25-47-1024x683.jpg\" alt=\"\" class=\"wp-image-2215\" srcset=\"https:\/\/sue\u00f1adignidad.com\/wp-content\/uploads\/2025\/09\/elox-planton-bocadelrio-sep-25-47-1024x683.jpg 1024w, https:\/\/sue\u00f1adignidad.com\/wp-content\/uploads\/2025\/09\/elox-planton-bocadelrio-sep-25-47-300x200.jpg 300w, https:\/\/sue\u00f1adignidad.com\/wp-content\/uploads\/2025\/09\/elox-planton-bocadelrio-sep-25-47-768x512.jpg 768w, https:\/\/sue\u00f1adignidad.com\/wp-content\/uploads\/2025\/09\/elox-planton-bocadelrio-sep-25-47-1536x1024.jpg 1536w, https:\/\/sue\u00f1adignidad.com\/wp-content\/uploads\/2025\/09\/elox-planton-bocadelrio-sep-25-47-2048x1365.jpg 2048w\" sizes=\"auto, (max-width: 1024px) 100vw, 1024px\" \/><\/figure>\n\n\n\n<figure class=\"wp-block-image size-large\"><img loading=\"lazy\" decoding=\"async\" width=\"1024\" height=\"679\" data-id=\"2217\" src=\"https:\/\/sue\u00f1adignidad.com\/wp-content\/uploads\/2025\/09\/elox-planton-bocadelrio-sep-25-32-1024x679.jpg\" alt=\"\" class=\"wp-image-2217\" srcset=\"https:\/\/sue\u00f1adignidad.com\/wp-content\/uploads\/2025\/09\/elox-planton-bocadelrio-sep-25-32-1024x679.jpg 1024w, https:\/\/sue\u00f1adignidad.com\/wp-content\/uploads\/2025\/09\/elox-planton-bocadelrio-sep-25-32-300x199.jpg 300w, https:\/\/sue\u00f1adignidad.com\/wp-content\/uploads\/2025\/09\/elox-planton-bocadelrio-sep-25-32-768x509.jpg 768w, https:\/\/sue\u00f1adignidad.com\/wp-content\/uploads\/2025\/09\/elox-planton-bocadelrio-sep-25-32-1536x1018.jpg 1536w, https:\/\/sue\u00f1adignidad.com\/wp-content\/uploads\/2025\/09\/elox-planton-bocadelrio-sep-25-32-2048x1358.jpg 2048w, https:\/\/sue\u00f1adignidad.com\/wp-content\/uploads\/2025\/09\/elox-planton-bocadelrio-sep-25-32-700x465.jpg 700w\" sizes=\"auto, (max-width: 1024px) 100vw, 1024px\" \/><\/figure>\n\n\n\n<figure class=\"wp-block-image size-large\"><img loading=\"lazy\" decoding=\"async\" width=\"1024\" height=\"683\" data-id=\"2218\" src=\"https:\/\/sue\u00f1adignidad.com\/wp-content\/uploads\/2025\/09\/elox-planton-bocadelrio-sep-25-33-1024x683.jpg\" alt=\"\" class=\"wp-image-2218\" srcset=\"https:\/\/sue\u00f1adignidad.com\/wp-content\/uploads\/2025\/09\/elox-planton-bocadelrio-sep-25-33-1024x683.jpg 1024w, https:\/\/sue\u00f1adignidad.com\/wp-content\/uploads\/2025\/09\/elox-planton-bocadelrio-sep-25-33-300x200.jpg 300w, https:\/\/sue\u00f1adignidad.com\/wp-content\/uploads\/2025\/09\/elox-planton-bocadelrio-sep-25-33-768x512.jpg 768w, https:\/\/sue\u00f1adignidad.com\/wp-content\/uploads\/2025\/09\/elox-planton-bocadelrio-sep-25-33-1536x1024.jpg 1536w, https:\/\/sue\u00f1adignidad.com\/wp-content\/uploads\/2025\/09\/elox-planton-bocadelrio-sep-25-33-2048x1365.jpg 2048w\" sizes=\"auto, (max-width: 1024px) 100vw, 1024px\" \/><\/figure>\n<\/figure>\n\n\n\n<figure class=\"wp-block-image size-large\"><img loading=\"lazy\" decoding=\"async\" width=\"1024\" height=\"683\" src=\"https:\/\/sue\u00f1adignidad.com\/wp-content\/uploads\/2025\/09\/elox-planton-bocadelrio-sep-25-36-1024x683.jpg\" alt=\"\" class=\"wp-image-2216\" srcset=\"https:\/\/sue\u00f1adignidad.com\/wp-content\/uploads\/2025\/09\/elox-planton-bocadelrio-sep-25-36-1024x683.jpg 1024w, https:\/\/sue\u00f1adignidad.com\/wp-content\/uploads\/2025\/09\/elox-planton-bocadelrio-sep-25-36-300x200.jpg 300w, https:\/\/sue\u00f1adignidad.com\/wp-content\/uploads\/2025\/09\/elox-planton-bocadelrio-sep-25-36-768x512.jpg 768w, https:\/\/sue\u00f1adignidad.com\/wp-content\/uploads\/2025\/09\/elox-planton-bocadelrio-sep-25-36-1536x1024.jpg 1536w, https:\/\/sue\u00f1adignidad.com\/wp-content\/uploads\/2025\/09\/elox-planton-bocadelrio-sep-25-36-2048x1365.jpg 2048w\" sizes=\"auto, (max-width: 1024px) 100vw, 1024px\" \/><\/figure>\n\n\n\n<figure class=\"wp-block-image size-large\"><img loading=\"lazy\" decoding=\"async\" width=\"1024\" height=\"683\" src=\"https:\/\/sue\u00f1adignidad.com\/wp-content\/uploads\/2025\/09\/elox-planton-bocadelrio-sep-25-72-1024x683.jpg\" alt=\"\" class=\"wp-image-2213\" srcset=\"https:\/\/sue\u00f1adignidad.com\/wp-content\/uploads\/2025\/09\/elox-planton-bocadelrio-sep-25-72-1024x683.jpg 1024w, https:\/\/sue\u00f1adignidad.com\/wp-content\/uploads\/2025\/09\/elox-planton-bocadelrio-sep-25-72-300x200.jpg 300w, https:\/\/sue\u00f1adignidad.com\/wp-content\/uploads\/2025\/09\/elox-planton-bocadelrio-sep-25-72-768x512.jpg 768w, https:\/\/sue\u00f1adignidad.com\/wp-content\/uploads\/2025\/09\/elox-planton-bocadelrio-sep-25-72-1536x1024.jpg 1536w, https:\/\/sue\u00f1adignidad.com\/wp-content\/uploads\/2025\/09\/elox-planton-bocadelrio-sep-25-72-2048x1365.jpg 2048w\" sizes=\"auto, (max-width: 1024px) 100vw, 1024px\" \/><\/figure>\n\n\n\n<p>La cercan\u00eda de ambos hechos (los ocurridos en Puebla y el plant\u00f3n en Boca del R\u00edo) ya no pueden mirarse como coincidencias. El pa\u00eds est\u00e1 en llamas por la represi\u00f3n, la violencia del Estado criminal y la indiferencia de muchxs. Pero ese fuego no s\u00f3lo devora: tambi\u00e9n motiva y construye.&nbsp;<\/p>\n\n\n\n<p>As\u00ed, el festival fungi\u00f3 como un espacio de denuncia colectiva por Puebla, Eloxochitl\u00e1n, el Estado de M\u00e9xico y Palestina. La Red de Resistencias, el colectivo Haz Valer mi Libertad, la Coordinadora Internacional de Solidaridad por la Libertad de los Presos Pol\u00edticos base M\u00e9xico y otras colectividades han alzado la voz, y el eco resuena: <\/p>\n\n\n\n<p><strong>\u00a1Libertad a los presos pol\u00edticos! <\/strong><\/p>\n\n\n\n<p><strong>\u00a1Libertad a Eloxochitl\u00e1n de Flores Mag\u00f3n! <\/strong><\/p>\n\n\n\n<p><strong>\u00a1Libertad a Palestina, el Congo y todos los pueblos del mundo! <\/strong><\/p>\n\n\n\n<p>Porque la esperanza se construye y la vida se defiende, y en esta labor tit\u00e1nica, las redes colectivas son urgentes.<\/p>\n        <div class=\"booster-block booster-reactions-block\">\n            <div class=\"twp-reactions-icons\">\n                \n                <div class=\"twp-reacts-wrap\">\n                    <a react-data=\"be-react-1\" post-id=\"2188\" class=\"be-face-icons un-reacted\" href=\"javascript:void(0)\">\n                        <img decoding=\"async\" src=\"https:\/\/sue\u00f1adignidad.com\/wp-content\/plugins\/booster-extension\/\/assets\/icon\/happy.svg\" alt=\"Happy\">\n                    <\/a>\n                    <div class=\"twp-reaction-title\">\n                        Happy                    <\/div>\n                    <div class=\"twp-count-percent\">\n                                                    <span style=\"display: none;\" class=\"twp-react-count\">0<\/span>\n                        \n                                                <span class=\"twp-react-percent\"><span>0<\/span> %<\/span>\n                                            <\/div>\n                <\/div>\n\n                <div class=\"twp-reacts-wrap\">\n                    <a react-data=\"be-react-2\" post-id=\"2188\" class=\"be-face-icons un-reacted\" href=\"javascript:void(0)\">\n                        <img decoding=\"async\" src=\"https:\/\/sue\u00f1adignidad.com\/wp-content\/plugins\/booster-extension\/\/assets\/icon\/sad.svg\" alt=\"Sad\">\n                    <\/a>\n                    <div class=\"twp-reaction-title\">\n                        Sad                    <\/div>\n                    <div class=\"twp-count-percent\">\n                                                    <span style=\"display: none;\" class=\"twp-react-count\">0<\/span>\n                                                                        <span class=\"twp-react-percent\"><span>0<\/span> %<\/span>\n                                            <\/div>\n                <\/div>\n\n                <div class=\"twp-reacts-wrap\">\n                    <a react-data=\"be-react-3\" post-id=\"2188\" class=\"be-face-icons un-reacted\" href=\"javascript:void(0)\">\n                        <img decoding=\"async\" src=\"https:\/\/sue\u00f1adignidad.com\/wp-content\/plugins\/booster-extension\/\/assets\/icon\/excited.svg\" alt=\"Excited\">\n                    <\/a>\n                    <div class=\"twp-reaction-title\">\n                        Excited                    <\/div>\n                    <div class=\"twp-count-percent\">\n                                                    <span style=\"display: none;\" class=\"twp-react-count\">0<\/span>\n                                                                        <span class=\"twp-react-percent\"><span>0<\/span> %<\/span>\n                                            <\/div>\n                <\/div>\n\n                <div class=\"twp-reacts-wrap\">\n                    <a react-data=\"be-react-6\" post-id=\"2188\" class=\"be-face-icons un-reacted\" href=\"javascript:void(0)\">\n                        <img decoding=\"async\" src=\"https:\/\/sue\u00f1adignidad.com\/wp-content\/plugins\/booster-extension\/\/assets\/icon\/sleepy.svg\" alt=\"Sleepy\">\n                    <\/a>\n                    <div class=\"twp-reaction-title\">\n                        Sleepy                    <\/div>\n                    <div class=\"twp-count-percent\">\n                                                    <span style=\"display: none;\" class=\"twp-react-count\">0<\/span>\n                        \n                                                <span class=\"twp-react-percent\"><span>0<\/span> %<\/span>\n                                            <\/div>\n                <\/div>\n\n                <div class=\"twp-reacts-wrap\">\n                    <a react-data=\"be-react-4\" post-id=\"2188\" class=\"be-face-icons un-reacted\" href=\"javascript:void(0)\">\n                        <img decoding=\"async\" src=\"https:\/\/sue\u00f1adignidad.com\/wp-content\/plugins\/booster-extension\/\/assets\/icon\/angry.svg\" alt=\"Angry\">\n                    <\/a>\n                    <div class=\"twp-reaction-title\">Angry<\/div>\n                    <div class=\"twp-count-percent\">\n                                                    <span style=\"display: none;\" class=\"twp-react-count\">0<\/span>\n                                                                        <span class=\"twp-react-percent\"><span>0<\/span> %<\/span>\n                        \n                    <\/div>\n                <\/div>\n\n                <div class=\"twp-reacts-wrap\">\n                    <a react-data=\"be-react-5\" post-id=\"2188\" class=\"be-face-icons un-reacted\" href=\"javascript:void(0)\">\n                        <img decoding=\"async\" src=\"https:\/\/sue\u00f1adignidad.com\/wp-content\/plugins\/booster-extension\/\/assets\/icon\/surprise.svg\" alt=\"Surprise\">\n                    <\/a>\n                    <div class=\"twp-reaction-title\">Surprise<\/div>\n                    <div class=\"twp-count-percent\">\n                                                    <span style=\"display: none;\" class=\"twp-react-count\">0<\/span>\n                                                                        <span class=\"twp-react-percent\"><span>0<\/span> %<\/span>\n                                            <\/div>\n                <\/div>\n\n            <\/div>\n        <\/div>\n\n    ","protected":false},"excerpt":{"rendered":"<p>Cobertura por Diana H. G\u00f3mez &amp; Elizabeth D\u00edaz Boca del R\u00edo, Veracruz.- Entre el 1 y el 3 de septiembre se llev\u00f3 a cabo el Festival \u00c9nn\u00e1 + Cumbia, una jornada cultural donde las Mazatecas por la Libertad reiteraron sus exigencias de cese a la persecuci\u00f3n pol\u00edtica contra la comunidad de Eloxochitl\u00e1n de Flores Mag\u00f3n. [&hellip;]<\/p>\n","protected":false},"author":1,"featured_media":2190,"comment_status":"open","ping_status":"open","sticky":false,"template":"","format":"standard","meta":{"site-sidebar-layout":"default","site-content-layout":"","ast-site-content-layout":"default","site-content-style":"default","site-sidebar-style":"default","ast-global-header-display":"","ast-banner-title-visibility":"","ast-main-header-display":"","ast-hfb-above-header-display":"","ast-hfb-below-header-display":"","ast-hfb-mobile-header-display":"","site-post-title":"","ast-breadcrumbs-content":"","ast-featured-img":"","footer-sml-layout":"","ast-disable-related-posts":"","theme-transparent-header-meta":"","adv-header-id-meta":"","stick-header-meta":"","header-above-stick-meta":"","header-main-stick-meta":"","header-below-stick-meta":"","astra-migrate-meta-layouts":"default","ast-page-background-enabled":"default","ast-page-background-meta":{"desktop":{"background-color":"var(--ast-global-color-5)","background-image":"","background-repeat":"repeat","background-position":"center center","background-size":"auto","background-attachment":"scroll","background-type":"","background-media":"","overlay-type":"","overlay-color":"","overlay-opacity":"","overlay-gradient":""},"tablet":{"background-color":"","background-image":"","background-repeat":"repeat","background-position":"center center","background-size":"auto","background-attachment":"scroll","background-type":"","background-media":"","overlay-type":"","overlay-color":"","overlay-opacity":"","overlay-gradient":""},"mobile":{"background-color":"","background-image":"","background-repeat":"repeat","background-position":"center center","background-size":"auto","background-attachment":"scroll","background-type":"","background-media":"","overlay-type":"","overlay-color":"","overlay-opacity":"","overlay-gradient":""}},"ast-content-background-meta":{"desktop":{"background-color":"var(--ast-global-color-4)","background-image":"","background-repeat":"repeat","background-position":"center center","background-size":"auto","background-attachment":"scroll","background-type":"","background-media":"","overlay-type":"","overlay-color":"","overlay-opacity":"","overlay-gradient":""},"tablet":{"background-color":"var(--ast-global-color-4)","background-image":"","background-repeat":"repeat","background-position":"center center","background-size":"auto","background-attachment":"scroll","background-type":"","background-media":"","overlay-type":"","overlay-color":"","overlay-opacity":"","overlay-gradient":""},"mobile":{"background-color":"var(--ast-global-color-4)","background-image":"","background-repeat":"repeat","background-position":"center center","background-size":"auto","background-attachment":"scroll","background-type":"","background-media":"","overlay-type":"","overlay-color":"","overlay-opacity":"","overlay-gradient":""}},"footnotes":""},"categories":[1],"tags":[],"class_list":["post-2188","post","type-post","status-publish","format-standard","has-post-thumbnail","hentry","category-uncategorized"],"_links":{"self":[{"href":"https:\/\/sue\u00f1adignidad.com\/index.php?rest_route=\/wp\/v2\/posts\/2188","targetHints":{"allow":["GET"]}}],"collection":[{"href":"https:\/\/sue\u00f1adignidad.com\/index.php?rest_route=\/wp\/v2\/posts"}],"about":[{"href":"https:\/\/sue\u00f1adignidad.com\/index.php?rest_route=\/wp\/v2\/types\/post"}],"author":[{"embeddable":true,"href":"https:\/\/sue\u00f1adignidad.com\/index.php?rest_route=\/wp\/v2\/users\/1"}],"replies":[{"embeddable":true,"href":"https:\/\/sue\u00f1adignidad.com\/index.php?rest_route=%2Fwp%2Fv2%2Fcomments&post=2188"}],"version-history":[{"count":2,"href":"https:\/\/sue\u00f1adignidad.com\/index.php?rest_route=\/wp\/v2\/posts\/2188\/revisions"}],"predecessor-version":[{"id":2219,"href":"https:\/\/sue\u00f1adignidad.com\/index.php?rest_route=\/wp\/v2\/posts\/2188\/revisions\/2219"}],"wp:featuredmedia":[{"embeddable":true,"href":"https:\/\/sue\u00f1adignidad.com\/index.php?rest_route=\/wp\/v2\/media\/2190"}],"wp:attachment":[{"href":"https:\/\/sue\u00f1adignidad.com\/index.php?rest_route=%2Fwp%2Fv2%2Fmedia&parent=2188"}],"wp:term":[{"taxonomy":"category","embeddable":true,"href":"https:\/\/sue\u00f1adignidad.com\/index.php?rest_route=%2Fwp%2Fv2%2Fcategories&post=2188"},{"taxonomy":"post_tag","embeddable":true,"href":"https:\/\/sue\u00f1adignidad.com\/index.php?rest_route=%2Fwp%2Fv2%2Ftags&post=2188"}],"curies":[{"name":"wp","href":"https:\/\/api.w.org\/{rel}","templated":true}]}}