{"id":2148,"date":"2025-09-07T19:07:20","date_gmt":"2025-09-08T01:07:20","guid":{"rendered":"https:\/\/sue\u00f1adignidad.com\/?p=2148"},"modified":"2025-09-07T19:23:59","modified_gmt":"2025-09-08T01:23:59","slug":"impunidad-y-criminalizacion-a-un-ano-del-halconazo-morenista-la-herida-sigue-abierta","status":"publish","type":"post","link":"https:\/\/sue\u00f1adignidad.com\/?p=2148","title":{"rendered":"Impunidad y criminalizaci\u00f3n a un a\u00f1o del \u00abHalconazo Morenista\u00bb, la herida sigue abierta."},"content":{"rendered":"<div class='booster-block booster-read-block'>\n                <div class=\"twp-read-time\">\n                \t<i class=\"booster-icon twp-clock\"><\/i> <span>Read Time:<\/span>3 Minute, 11 Second                <\/div>\n\n            <\/div>\n<p>Por Omar Veoz y Elizabeth D\u00edaz <\/p>\n\n\n\n<p><strong data-start=\"388\" data-end=\"473\">Ciudad de M\u00e9xico, 7 de septiembre de 2025.<\/strong>\u2013 A un a\u00f1o de la represi\u00f3n perpetrada en las alcald\u00edas de Xochimilco y Tlalpan contra defensoras y defensores del territorio, comunidades, activistas y periodistas, las colectividades organizadas regresaron a las calles y espacios comunitarios para exigir justicia, verdad y reparaci\u00f3n. La jornada de memoria realizada el 5 de septiembre enfrente de la Fiscal\u00eda General de Justicia de la ciudad de M\u00e9xico y la del 6, marcha-mit\u00edn pol\u00edtico en el pueblo de Xochimilco, record\u00f3 lo que se ha nombrado ya como el \u00abHalconazo Morenista\u00bb, que la violencia institucional contin\u00faa impune.<\/p>\n\n\n\n<figure class=\"wp-block-gallery has-nested-images columns-default is-cropped wp-block-gallery-1 is-layout-flex wp-block-gallery-is-layout-flex\">\n<figure class=\"wp-block-image size-large\"><img loading=\"lazy\" decoding=\"async\" width=\"1024\" height=\"682\" data-id=\"2168\" src=\"https:\/\/sue\u00f1adignidad.com\/wp-content\/uploads\/2025\/09\/WhatsApp-Image-2025-09-07-at-12.52.52-PM-3-1024x682.jpeg\" alt=\"\" class=\"wp-image-2168\" srcset=\"https:\/\/sue\u00f1adignidad.com\/wp-content\/uploads\/2025\/09\/WhatsApp-Image-2025-09-07-at-12.52.52-PM-3-1024x682.jpeg 1024w, https:\/\/sue\u00f1adignidad.com\/wp-content\/uploads\/2025\/09\/WhatsApp-Image-2025-09-07-at-12.52.52-PM-3-300x200.jpeg 300w, https:\/\/sue\u00f1adignidad.com\/wp-content\/uploads\/2025\/09\/WhatsApp-Image-2025-09-07-at-12.52.52-PM-3-768x512.jpeg 768w, https:\/\/sue\u00f1adignidad.com\/wp-content\/uploads\/2025\/09\/WhatsApp-Image-2025-09-07-at-12.52.52-PM-3-1536x1024.jpeg 1536w, https:\/\/sue\u00f1adignidad.com\/wp-content\/uploads\/2025\/09\/WhatsApp-Image-2025-09-07-at-12.52.52-PM-3-2048x1365.jpeg 2048w, https:\/\/sue\u00f1adignidad.com\/wp-content\/uploads\/2025\/09\/WhatsApp-Image-2025-09-07-at-12.52.52-PM-3-700x465.jpeg 700w\" sizes=\"auto, (max-width: 1024px) 100vw, 1024px\" \/><\/figure>\n\n\n\n<figure class=\"wp-block-image size-large\"><img loading=\"lazy\" decoding=\"async\" width=\"1024\" height=\"682\" data-id=\"2176\" src=\"https:\/\/sue\u00f1adignidad.com\/wp-content\/uploads\/2025\/09\/WhatsApp-Image-2025-09-07-at-12.52.53-PM-3-1024x682.jpeg\" alt=\"\" class=\"wp-image-2176\" srcset=\"https:\/\/sue\u00f1adignidad.com\/wp-content\/uploads\/2025\/09\/WhatsApp-Image-2025-09-07-at-12.52.53-PM-3-1024x682.jpeg 1024w, https:\/\/sue\u00f1adignidad.com\/wp-content\/uploads\/2025\/09\/WhatsApp-Image-2025-09-07-at-12.52.53-PM-3-300x200.jpeg 300w, https:\/\/sue\u00f1adignidad.com\/wp-content\/uploads\/2025\/09\/WhatsApp-Image-2025-09-07-at-12.52.53-PM-3-768x512.jpeg 768w, https:\/\/sue\u00f1adignidad.com\/wp-content\/uploads\/2025\/09\/WhatsApp-Image-2025-09-07-at-12.52.53-PM-3-1536x1024.jpeg 1536w, https:\/\/sue\u00f1adignidad.com\/wp-content\/uploads\/2025\/09\/WhatsApp-Image-2025-09-07-at-12.52.53-PM-3-2048x1365.jpeg 2048w, https:\/\/sue\u00f1adignidad.com\/wp-content\/uploads\/2025\/09\/WhatsApp-Image-2025-09-07-at-12.52.53-PM-3-700x465.jpeg 700w\" sizes=\"auto, (max-width: 1024px) 100vw, 1024px\" \/><\/figure>\n\n\n\n<figure class=\"wp-block-image size-large\"><img loading=\"lazy\" decoding=\"async\" width=\"1024\" height=\"682\" data-id=\"2162\" src=\"https:\/\/sue\u00f1adignidad.com\/wp-content\/uploads\/2025\/09\/WhatsApp-Image-2025-09-06-at-2.38.24-AM-1-1024x682.jpeg\" alt=\"\" class=\"wp-image-2162\" srcset=\"https:\/\/sue\u00f1adignidad.com\/wp-content\/uploads\/2025\/09\/WhatsApp-Image-2025-09-06-at-2.38.24-AM-1-1024x682.jpeg 1024w, https:\/\/sue\u00f1adignidad.com\/wp-content\/uploads\/2025\/09\/WhatsApp-Image-2025-09-06-at-2.38.24-AM-1-300x200.jpeg 300w, https:\/\/sue\u00f1adignidad.com\/wp-content\/uploads\/2025\/09\/WhatsApp-Image-2025-09-06-at-2.38.24-AM-1-768x512.jpeg 768w, https:\/\/sue\u00f1adignidad.com\/wp-content\/uploads\/2025\/09\/WhatsApp-Image-2025-09-06-at-2.38.24-AM-1-700x465.jpeg 700w, https:\/\/sue\u00f1adignidad.com\/wp-content\/uploads\/2025\/09\/WhatsApp-Image-2025-09-06-at-2.38.24-AM-1.jpeg 1280w\" sizes=\"auto, (max-width: 1024px) 100vw, 1024px\" \/><\/figure>\n<\/figure>\n\n\n\n<p>Desde aquella\u00a0brutal represi\u00f3n\u00a0ocurrida en las alcald\u00edas de\u00a0Xochimilco y Tlalpan, d\u00f3nde compa\u00f1eras y compa\u00f1eros fueron v\u00edctimas de agresiones, detenciones arbitrarias, tortura \u2014incluso sexual\u2014 y criminalizaci\u00f3n de la protesta. En aquel momento, defensores del territorio, activistas, periodistas y comunidades originarias exig\u00edan el cese de la persecuci\u00f3n contra el pueblo xochimilca, y\u00a0\u00a0otrxs defensores que les acompa\u00f1aron fueron criminalizados por su labor. Diferentes colectividades documentaron c\u00f3mo polic\u00edas, grupos de choque y autoridades locales actuaron con\u00a0extrema violencia\u00a0y\u00a0abuso de poder.<\/p>\n\n\n\n<p><p data-start=\"1001\" data-end=\"1364\" style=\"white-space: normal;\">\u201cDefender al pueblo no es un delito\u201d, afirman con firmeza las colectividades, que a un a\u00f1o mantienen vivas las exigencias: justicia para las v\u00edctimas,\u00a0<strong data-start=\"1513\" data-end=\"1545\">reparaci\u00f3n integral del da\u00f1o<\/strong>, y\u00a0<strong data-start=\"1549\" data-end=\"1606\">castigo a los responsables materiales e intelectuales<\/strong>.<\/p><\/p>\n\n\n\n<figure class=\"wp-block-image size-large\"><img loading=\"lazy\" decoding=\"async\" width=\"1024\" height=\"682\" src=\"https:\/\/sue\u00f1adignidad.com\/wp-content\/uploads\/2025\/09\/WhatsApp-Image-2025-09-07-at-12.52.53-PM-2-1024x682.jpeg\" alt=\"\" class=\"wp-image-2175\" srcset=\"https:\/\/sue\u00f1adignidad.com\/wp-content\/uploads\/2025\/09\/WhatsApp-Image-2025-09-07-at-12.52.53-PM-2-1024x682.jpeg 1024w, https:\/\/sue\u00f1adignidad.com\/wp-content\/uploads\/2025\/09\/WhatsApp-Image-2025-09-07-at-12.52.53-PM-2-300x200.jpeg 300w, https:\/\/sue\u00f1adignidad.com\/wp-content\/uploads\/2025\/09\/WhatsApp-Image-2025-09-07-at-12.52.53-PM-2-768x512.jpeg 768w, https:\/\/sue\u00f1adignidad.com\/wp-content\/uploads\/2025\/09\/WhatsApp-Image-2025-09-07-at-12.52.53-PM-2-1536x1024.jpeg 1536w, https:\/\/sue\u00f1adignidad.com\/wp-content\/uploads\/2025\/09\/WhatsApp-Image-2025-09-07-at-12.52.53-PM-2-2048x1365.jpeg 2048w, https:\/\/sue\u00f1adignidad.com\/wp-content\/uploads\/2025\/09\/WhatsApp-Image-2025-09-07-at-12.52.53-PM-2-700x465.jpeg 700w\" sizes=\"auto, (max-width: 1024px) 100vw, 1024px\" \/><\/figure>\n\n\n\n<p><hr data-start=\"1609\" data-end=\"1612\" style=\"white-space: normal;\"><\/hr><h3 data-start=\"1614\" data-end=\"1647\" style=\"white-space: normal; color: rgb(0, 0, 0);\">El Estado sigue sin responder<\/h3><\/p>\n\n\n\n<p class=\"has-medium-font-size\">Durante la conmemoraci\u00f3n, denunciaron la\u00a0falta de avances reales en las investigaciones\u00a0y la continuidad de carpetas abiertas contra las personas que s\u00f3lo ejercieron su derecho a protestar. La <strong>represi\u00f3n<\/strong> no s\u00f3lo busc\u00f3 frenar una movilizaci\u00f3n puntual: fue un intento de <strong>desmontar<\/strong> procesos organizativos comunitarios que cuestionan el despojo y la l\u00f3gica extractivista que domina en la ciudad. A <strong>pesar de que existen <\/strong>testimonios, videos, fotograf\u00edas y documentos que prueban el uso <strong>excesivo de la fuerza<\/strong> y los <strong>abusos policiales<\/strong>,\u00a0ning\u00fan funcionario ha sido sancionado, y las investigaciones se mantienen pr\u00e1cticamente congeladas.<\/p>\n\n\n\n<p class=\"has-medium-font-size\"><\/p>\n\n\n\n<figure class=\"wp-block-gallery has-nested-images columns-default is-cropped wp-block-gallery-2 is-layout-flex wp-block-gallery-is-layout-flex\">\n<figure class=\"wp-block-image size-large\"><img loading=\"lazy\" decoding=\"async\" width=\"1024\" height=\"682\" data-id=\"2151\" src=\"https:\/\/sue\u00f1adignidad.com\/wp-content\/uploads\/2025\/09\/WhatsApp-Image-2025-09-06-at-2.38.02-AM-1-1024x682.jpeg\" alt=\"\" class=\"wp-image-2151\" srcset=\"https:\/\/sue\u00f1adignidad.com\/wp-content\/uploads\/2025\/09\/WhatsApp-Image-2025-09-06-at-2.38.02-AM-1-1024x682.jpeg 1024w, https:\/\/sue\u00f1adignidad.com\/wp-content\/uploads\/2025\/09\/WhatsApp-Image-2025-09-06-at-2.38.02-AM-1-300x200.jpeg 300w, https:\/\/sue\u00f1adignidad.com\/wp-content\/uploads\/2025\/09\/WhatsApp-Image-2025-09-06-at-2.38.02-AM-1-768x512.jpeg 768w, https:\/\/sue\u00f1adignidad.com\/wp-content\/uploads\/2025\/09\/WhatsApp-Image-2025-09-06-at-2.38.02-AM-1-700x465.jpeg 700w, https:\/\/sue\u00f1adignidad.com\/wp-content\/uploads\/2025\/09\/WhatsApp-Image-2025-09-06-at-2.38.02-AM-1.jpeg 1280w\" sizes=\"auto, (max-width: 1024px) 100vw, 1024px\" \/><\/figure>\n\n\n\n<figure class=\"wp-block-image size-large\"><img loading=\"lazy\" decoding=\"async\" width=\"1024\" height=\"682\" data-id=\"2152\" src=\"https:\/\/sue\u00f1adignidad.com\/wp-content\/uploads\/2025\/09\/WhatsApp-Image-2025-09-06-at-2.38.02-AM-1024x682.jpeg\" alt=\"\" class=\"wp-image-2152\" srcset=\"https:\/\/sue\u00f1adignidad.com\/wp-content\/uploads\/2025\/09\/WhatsApp-Image-2025-09-06-at-2.38.02-AM-1024x682.jpeg 1024w, https:\/\/sue\u00f1adignidad.com\/wp-content\/uploads\/2025\/09\/WhatsApp-Image-2025-09-06-at-2.38.02-AM-300x200.jpeg 300w, https:\/\/sue\u00f1adignidad.com\/wp-content\/uploads\/2025\/09\/WhatsApp-Image-2025-09-06-at-2.38.02-AM-768x512.jpeg 768w, https:\/\/sue\u00f1adignidad.com\/wp-content\/uploads\/2025\/09\/WhatsApp-Image-2025-09-06-at-2.38.02-AM-700x465.jpeg 700w, https:\/\/sue\u00f1adignidad.com\/wp-content\/uploads\/2025\/09\/WhatsApp-Image-2025-09-06-at-2.38.02-AM.jpeg 1280w\" sizes=\"auto, (max-width: 1024px) 100vw, 1024px\" \/><\/figure>\n\n\n\n<figure class=\"wp-block-image size-large\"><img loading=\"lazy\" decoding=\"async\" width=\"1024\" height=\"682\" data-id=\"2157\" src=\"https:\/\/sue\u00f1adignidad.com\/wp-content\/uploads\/2025\/09\/WhatsApp-Image-2025-09-06-at-2.38.05-AM-1024x682.jpeg\" alt=\"\" class=\"wp-image-2157\" srcset=\"https:\/\/sue\u00f1adignidad.com\/wp-content\/uploads\/2025\/09\/WhatsApp-Image-2025-09-06-at-2.38.05-AM-1024x682.jpeg 1024w, https:\/\/sue\u00f1adignidad.com\/wp-content\/uploads\/2025\/09\/WhatsApp-Image-2025-09-06-at-2.38.05-AM-300x200.jpeg 300w, https:\/\/sue\u00f1adignidad.com\/wp-content\/uploads\/2025\/09\/WhatsApp-Image-2025-09-06-at-2.38.05-AM-768x512.jpeg 768w, https:\/\/sue\u00f1adignidad.com\/wp-content\/uploads\/2025\/09\/WhatsApp-Image-2025-09-06-at-2.38.05-AM-700x465.jpeg 700w, https:\/\/sue\u00f1adignidad.com\/wp-content\/uploads\/2025\/09\/WhatsApp-Image-2025-09-06-at-2.38.05-AM.jpeg 1280w\" sizes=\"auto, (max-width: 1024px) 100vw, 1024px\" \/><\/figure>\n<\/figure>\n\n\n\n<p class=\"has-medium-font-size\"><hr data-start=\"2315\" data-end=\"2318\" style=\"white-space: normal;\"><\/hr><strong>Mesa con la Fiscal\u00eda: no m\u00e1s promesas, quieren justicia.<\/strong><\/p>\n\n\n\n<p class=\"has-medium-font-size\">Como parte de las actividades de este 5 de septiembre, representantes de las colectividades sostuvieron una reuni\u00f3n de m\u00e1s de tres horas con Jes\u00fas Mart\u00ednez Rold\u00e1n, director general de Vinculaci\u00f3n de la Fiscal\u00eda General de Justicia de la Ciudad de M\u00e9xico. Durante este encuentro, se lograron dos compromisos concretos: La instalaci\u00f3n de\u00a0<strong data-start=\"2715\" data-end=\"2746\">dos nuevas mesas de trabajo<\/strong>: una para avanzar en el\u00a0<strong data-start=\"2771\" data-end=\"2845\">cierre de las carpetas contra las personas injustamente criminalizadas<\/strong>, y otra para destrabar las\u00a0<strong data-start=\"2873\" data-end=\"2921\">investigaciones contra funcionarios p\u00fablicos<\/strong> responsables de la represi\u00f3n. Subrayaron que estos compromisos no son concesiones, sino\u00a0<strong data-start=\"3030\" data-end=\"3074\">obligaciones legales y \u00e9ticas del Estado<\/strong>, y advirtieron que estar\u00e1n vigilantes para que no se conviertan en simulaci\u00f3n.<\/p>\n\n\n\n<figure class=\"wp-block-gallery has-nested-images columns-default is-cropped wp-block-gallery-3 is-layout-flex wp-block-gallery-is-layout-flex\">\n<figure class=\"wp-block-image size-large\"><img loading=\"lazy\" decoding=\"async\" width=\"1024\" height=\"682\" data-id=\"2155\" src=\"https:\/\/sue\u00f1adignidad.com\/wp-content\/uploads\/2025\/09\/WhatsApp-Image-2025-09-06-at-2.38.03-AM-1024x682.jpeg\" alt=\"\" class=\"wp-image-2155\" srcset=\"https:\/\/sue\u00f1adignidad.com\/wp-content\/uploads\/2025\/09\/WhatsApp-Image-2025-09-06-at-2.38.03-AM-1024x682.jpeg 1024w, https:\/\/sue\u00f1adignidad.com\/wp-content\/uploads\/2025\/09\/WhatsApp-Image-2025-09-06-at-2.38.03-AM-300x200.jpeg 300w, https:\/\/sue\u00f1adignidad.com\/wp-content\/uploads\/2025\/09\/WhatsApp-Image-2025-09-06-at-2.38.03-AM-768x512.jpeg 768w, https:\/\/sue\u00f1adignidad.com\/wp-content\/uploads\/2025\/09\/WhatsApp-Image-2025-09-06-at-2.38.03-AM-700x465.jpeg 700w, https:\/\/sue\u00f1adignidad.com\/wp-content\/uploads\/2025\/09\/WhatsApp-Image-2025-09-06-at-2.38.03-AM.jpeg 1280w\" sizes=\"auto, (max-width: 1024px) 100vw, 1024px\" \/><\/figure>\n\n\n\n<figure class=\"wp-block-image size-large\"><img loading=\"lazy\" decoding=\"async\" width=\"1024\" height=\"682\" data-id=\"2170\" src=\"https:\/\/sue\u00f1adignidad.com\/wp-content\/uploads\/2025\/09\/WhatsApp-Image-2025-09-07-at-12.52.52-PM-5-1024x682.jpeg\" alt=\"\" class=\"wp-image-2170\" srcset=\"https:\/\/sue\u00f1adignidad.com\/wp-content\/uploads\/2025\/09\/WhatsApp-Image-2025-09-07-at-12.52.52-PM-5-1024x682.jpeg 1024w, https:\/\/sue\u00f1adignidad.com\/wp-content\/uploads\/2025\/09\/WhatsApp-Image-2025-09-07-at-12.52.52-PM-5-300x200.jpeg 300w, https:\/\/sue\u00f1adignidad.com\/wp-content\/uploads\/2025\/09\/WhatsApp-Image-2025-09-07-at-12.52.52-PM-5-768x512.jpeg 768w, https:\/\/sue\u00f1adignidad.com\/wp-content\/uploads\/2025\/09\/WhatsApp-Image-2025-09-07-at-12.52.52-PM-5-1536x1024.jpeg 1536w, https:\/\/sue\u00f1adignidad.com\/wp-content\/uploads\/2025\/09\/WhatsApp-Image-2025-09-07-at-12.52.52-PM-5-2048x1365.jpeg 2048w, https:\/\/sue\u00f1adignidad.com\/wp-content\/uploads\/2025\/09\/WhatsApp-Image-2025-09-07-at-12.52.52-PM-5-700x465.jpeg 700w\" sizes=\"auto, (max-width: 1024px) 100vw, 1024px\" \/><\/figure>\n\n\n\n<figure class=\"wp-block-image size-large\"><img loading=\"lazy\" decoding=\"async\" width=\"1024\" height=\"682\" data-id=\"2153\" src=\"https:\/\/sue\u00f1adignidad.com\/wp-content\/uploads\/2025\/09\/WhatsApp-Image-2025-09-06-at-2.38.03-AM-1-1024x682.jpeg\" alt=\"\" class=\"wp-image-2153\" srcset=\"https:\/\/sue\u00f1adignidad.com\/wp-content\/uploads\/2025\/09\/WhatsApp-Image-2025-09-06-at-2.38.03-AM-1-1024x682.jpeg 1024w, https:\/\/sue\u00f1adignidad.com\/wp-content\/uploads\/2025\/09\/WhatsApp-Image-2025-09-06-at-2.38.03-AM-1-300x200.jpeg 300w, https:\/\/sue\u00f1adignidad.com\/wp-content\/uploads\/2025\/09\/WhatsApp-Image-2025-09-06-at-2.38.03-AM-1-768x512.jpeg 768w, https:\/\/sue\u00f1adignidad.com\/wp-content\/uploads\/2025\/09\/WhatsApp-Image-2025-09-06-at-2.38.03-AM-1-700x465.jpeg 700w, https:\/\/sue\u00f1adignidad.com\/wp-content\/uploads\/2025\/09\/WhatsApp-Image-2025-09-06-at-2.38.03-AM-1.jpeg 1280w\" sizes=\"auto, (max-width: 1024px) 100vw, 1024px\" \/><\/figure>\n\n\n\n<figure class=\"wp-block-image size-large\"><img loading=\"lazy\" decoding=\"async\" width=\"1024\" height=\"682\" data-id=\"2169\" src=\"https:\/\/sue\u00f1adignidad.com\/wp-content\/uploads\/2025\/09\/WhatsApp-Image-2025-09-07-at-12.52.52-PM-4-1024x682.jpeg\" alt=\"\" class=\"wp-image-2169\" srcset=\"https:\/\/sue\u00f1adignidad.com\/wp-content\/uploads\/2025\/09\/WhatsApp-Image-2025-09-07-at-12.52.52-PM-4-1024x682.jpeg 1024w, https:\/\/sue\u00f1adignidad.com\/wp-content\/uploads\/2025\/09\/WhatsApp-Image-2025-09-07-at-12.52.52-PM-4-300x200.jpeg 300w, https:\/\/sue\u00f1adignidad.com\/wp-content\/uploads\/2025\/09\/WhatsApp-Image-2025-09-07-at-12.52.52-PM-4-768x512.jpeg 768w, https:\/\/sue\u00f1adignidad.com\/wp-content\/uploads\/2025\/09\/WhatsApp-Image-2025-09-07-at-12.52.52-PM-4-1536x1024.jpeg 1536w, https:\/\/sue\u00f1adignidad.com\/wp-content\/uploads\/2025\/09\/WhatsApp-Image-2025-09-07-at-12.52.52-PM-4-2048x1365.jpeg 2048w, https:\/\/sue\u00f1adignidad.com\/wp-content\/uploads\/2025\/09\/WhatsApp-Image-2025-09-07-at-12.52.52-PM-4-700x465.jpeg 700w\" sizes=\"auto, (max-width: 1024px) 100vw, 1024px\" \/><\/figure>\n\n\n\n<figure class=\"wp-block-image size-large\"><img loading=\"lazy\" decoding=\"async\" width=\"1024\" height=\"682\" data-id=\"2171\" src=\"https:\/\/sue\u00f1adignidad.com\/wp-content\/uploads\/2025\/09\/WhatsApp-Image-2025-09-07-at-12.52.52-PM-6-1024x682.jpeg\" alt=\"\" class=\"wp-image-2171\" srcset=\"https:\/\/sue\u00f1adignidad.com\/wp-content\/uploads\/2025\/09\/WhatsApp-Image-2025-09-07-at-12.52.52-PM-6-1024x682.jpeg 1024w, https:\/\/sue\u00f1adignidad.com\/wp-content\/uploads\/2025\/09\/WhatsApp-Image-2025-09-07-at-12.52.52-PM-6-300x200.jpeg 300w, https:\/\/sue\u00f1adignidad.com\/wp-content\/uploads\/2025\/09\/WhatsApp-Image-2025-09-07-at-12.52.52-PM-6-768x512.jpeg 768w, https:\/\/sue\u00f1adignidad.com\/wp-content\/uploads\/2025\/09\/WhatsApp-Image-2025-09-07-at-12.52.52-PM-6-1536x1024.jpeg 1536w, https:\/\/sue\u00f1adignidad.com\/wp-content\/uploads\/2025\/09\/WhatsApp-Image-2025-09-07-at-12.52.52-PM-6-2048x1365.jpeg 2048w, https:\/\/sue\u00f1adignidad.com\/wp-content\/uploads\/2025\/09\/WhatsApp-Image-2025-09-07-at-12.52.52-PM-6-700x465.jpeg 700w\" sizes=\"auto, (max-width: 1024px) 100vw, 1024px\" \/><\/figure>\n<\/figure>\n\n\n\n<p class=\"has-medium-font-size\"><hr data-start=\"3155\" data-end=\"3158\" style=\"white-space: normal;\"><\/hr><h3 data-start=\"3160\" data-end=\"3199\" style=\"white-space: normal; color: rgb(0, 0, 0);\">La memoria es tambi\u00e9n una trinchera<\/h3><\/p>\n\n\n\n<p class=\"has-medium-font-size\">Fue tambi\u00e9n una reafirmaci\u00f3n de que\u00a0<strong data-start=\"3297\" data-end=\"3333\">la memoria es una forma de lucha<\/strong>. En espacios comunitarios y de resistencia, se compartieron testimonios, se realizaron actividades culturales y se reiter\u00f3 el derecho de los pueblos a organizarse y a defender sus territorios. <\/p>\n\n\n\n<p class=\"has-medium-font-size\">\u201cAlto a la persecuci\u00f3n. No olvidamos y no perdonamos, porque lo que ocurri\u00f3 fue un crimen de Estado. La violencia sexual, la represi\u00f3n, la tortura no pueden ser normalizadas, ni olvidadas.\u201d, se\u00f1alaron.<\/p>\n\n\n\n<figure class=\"wp-block-gallery has-nested-images columns-default is-cropped wp-block-gallery-4 is-layout-flex wp-block-gallery-is-layout-flex\">\n<figure class=\"wp-block-image size-large\"><img loading=\"lazy\" decoding=\"async\" width=\"1024\" height=\"682\" data-id=\"2158\" src=\"https:\/\/sue\u00f1adignidad.com\/wp-content\/uploads\/2025\/09\/WhatsApp-Image-2025-09-06-at-2.38.23-AM-1-1024x682.jpeg\" alt=\"\" class=\"wp-image-2158\" srcset=\"https:\/\/sue\u00f1adignidad.com\/wp-content\/uploads\/2025\/09\/WhatsApp-Image-2025-09-06-at-2.38.23-AM-1-1024x682.jpeg 1024w, https:\/\/sue\u00f1adignidad.com\/wp-content\/uploads\/2025\/09\/WhatsApp-Image-2025-09-06-at-2.38.23-AM-1-300x200.jpeg 300w, https:\/\/sue\u00f1adignidad.com\/wp-content\/uploads\/2025\/09\/WhatsApp-Image-2025-09-06-at-2.38.23-AM-1-768x512.jpeg 768w, https:\/\/sue\u00f1adignidad.com\/wp-content\/uploads\/2025\/09\/WhatsApp-Image-2025-09-06-at-2.38.23-AM-1-700x465.jpeg 700w, https:\/\/sue\u00f1adignidad.com\/wp-content\/uploads\/2025\/09\/WhatsApp-Image-2025-09-06-at-2.38.23-AM-1.jpeg 1235w\" sizes=\"auto, (max-width: 1024px) 100vw, 1024px\" \/><\/figure>\n\n\n\n<figure class=\"wp-block-image size-large\"><img loading=\"lazy\" decoding=\"async\" width=\"1024\" height=\"682\" data-id=\"2156\" src=\"https:\/\/sue\u00f1adignidad.com\/wp-content\/uploads\/2025\/09\/WhatsApp-Image-2025-09-06-at-2.38.05-AM-1-1024x682.jpeg\" alt=\"\" class=\"wp-image-2156\" srcset=\"https:\/\/sue\u00f1adignidad.com\/wp-content\/uploads\/2025\/09\/WhatsApp-Image-2025-09-06-at-2.38.05-AM-1-1024x682.jpeg 1024w, https:\/\/sue\u00f1adignidad.com\/wp-content\/uploads\/2025\/09\/WhatsApp-Image-2025-09-06-at-2.38.05-AM-1-300x200.jpeg 300w, https:\/\/sue\u00f1adignidad.com\/wp-content\/uploads\/2025\/09\/WhatsApp-Image-2025-09-06-at-2.38.05-AM-1-768x512.jpeg 768w, https:\/\/sue\u00f1adignidad.com\/wp-content\/uploads\/2025\/09\/WhatsApp-Image-2025-09-06-at-2.38.05-AM-1-700x465.jpeg 700w, https:\/\/sue\u00f1adignidad.com\/wp-content\/uploads\/2025\/09\/WhatsApp-Image-2025-09-06-at-2.38.05-AM-1.jpeg 1280w\" sizes=\"auto, (max-width: 1024px) 100vw, 1024px\" \/><\/figure>\n\n\n\n<figure class=\"wp-block-image size-large\"><img loading=\"lazy\" decoding=\"async\" width=\"1024\" height=\"682\" data-id=\"2161\" src=\"https:\/\/sue\u00f1adignidad.com\/wp-content\/uploads\/2025\/09\/WhatsApp-Image-2025-09-06-at-2.38.23-AM-1024x682.jpeg\" alt=\"\" class=\"wp-image-2161\" srcset=\"https:\/\/sue\u00f1adignidad.com\/wp-content\/uploads\/2025\/09\/WhatsApp-Image-2025-09-06-at-2.38.23-AM-1024x682.jpeg 1024w, https:\/\/sue\u00f1adignidad.com\/wp-content\/uploads\/2025\/09\/WhatsApp-Image-2025-09-06-at-2.38.23-AM-300x200.jpeg 300w, https:\/\/sue\u00f1adignidad.com\/wp-content\/uploads\/2025\/09\/WhatsApp-Image-2025-09-06-at-2.38.23-AM-768x512.jpeg 768w, https:\/\/sue\u00f1adignidad.com\/wp-content\/uploads\/2025\/09\/WhatsApp-Image-2025-09-06-at-2.38.23-AM-700x465.jpeg 700w, https:\/\/sue\u00f1adignidad.com\/wp-content\/uploads\/2025\/09\/WhatsApp-Image-2025-09-06-at-2.38.23-AM.jpeg 1280w\" sizes=\"auto, (max-width: 1024px) 100vw, 1024px\" \/><\/figure>\n<\/figure>\n\n\n\n<p class=\"has-medium-font-size\"><hr data-start=\"3774\" data-end=\"3777\" style=\"white-space: normal;\"><\/hr><strong>Criminalizaci\u00f3n como pol\u00edtica de gobierno<\/strong><\/p>\n\n\n\n<p class=\"has-medium-font-size\">La represi\u00f3n del 5 de septiembre de 2024 fue parte de un patr\u00f3n m\u00e1s amplio:\u00a0<strong data-start=\"3902\" data-end=\"3982\">la criminalizaci\u00f3n sistem\u00e1tica de quienes se organizan para defender la vida<\/strong>\u00a0ante los intereses del mercado y del poder pol\u00edtico. Lejos de garantizar derechos, las instituciones operan como engranajes de un modelo de despojo que\u00a0<strong data-start=\"4135\" data-end=\"4189\">precariza la vida y persigue a quienes se resisten<\/strong>.<\/p>\n\n\n\n<figure class=\"wp-block-gallery has-nested-images columns-default is-cropped wp-block-gallery-5 is-layout-flex wp-block-gallery-is-layout-flex\">\n<figure class=\"wp-block-image size-large\"><img loading=\"lazy\" decoding=\"async\" width=\"1024\" height=\"576\" data-id=\"2178\" src=\"https:\/\/sue\u00f1adignidad.com\/wp-content\/uploads\/2025\/09\/DJI_0258-1024x576.jpg\" alt=\"\" class=\"wp-image-2178\" srcset=\"https:\/\/sue\u00f1adignidad.com\/wp-content\/uploads\/2025\/09\/DJI_0258-1024x576.jpg 1024w, https:\/\/sue\u00f1adignidad.com\/wp-content\/uploads\/2025\/09\/DJI_0258-300x169.jpg 300w, https:\/\/sue\u00f1adignidad.com\/wp-content\/uploads\/2025\/09\/DJI_0258-768x432.jpg 768w, https:\/\/sue\u00f1adignidad.com\/wp-content\/uploads\/2025\/09\/DJI_0258-1536x864.jpg 1536w, https:\/\/sue\u00f1adignidad.com\/wp-content\/uploads\/2025\/09\/DJI_0258-2048x1152.jpg 2048w\" sizes=\"auto, (max-width: 1024px) 100vw, 1024px\" \/><\/figure>\n<\/figure>\n\n\n\n<p class=\"has-medium-font-size\">\u201cAnte su violencia y su mal gobierno, que cede al capital y destruye el tejido comunitario, respondemos con organizaci\u00f3n popular, con solidaridad, con memoria viva\u201d, se escuch\u00f3 durante las actividades.<h3 data-start=\"4400\" data-end=\"4429\" style=\"white-space: normal; color: rgb(0, 0, 0);\"><\/h3><\/p>\n\n\n\n<p class=\"has-medium-font-size\">Desde Xochimilco, Tlalpan y otras geograf\u00edas solidarias, la exigencia es clara y se mantiene firme: <\/p>\n\n\n\n<p class=\"has-medium-font-size\">\u00a1<strong data-start=\"4532\" data-end=\"4665\" style=\"font-size: revert; white-space: normal;\">Ni perd\u00f3n, ni olvido!<\/strong><\/p>\n\n\n\n<p class=\"has-medium-font-size\"><strong data-start=\"4532\" data-end=\"4665\" style=\"font-size: revert; white-space: normal;\">\u00a1Justicia, reparaci\u00f3n y libertad para quienes fueron criminalizados!<\/strong><\/p>\n        <div class=\"booster-block booster-reactions-block\">\n            <div class=\"twp-reactions-icons\">\n                \n                <div class=\"twp-reacts-wrap\">\n                    <a react-data=\"be-react-1\" post-id=\"2148\" class=\"be-face-icons un-reacted\" href=\"javascript:void(0)\">\n                        <img decoding=\"async\" src=\"https:\/\/sue\u00f1adignidad.com\/wp-content\/plugins\/booster-extension\/\/assets\/icon\/happy.svg\" alt=\"Happy\">\n                    <\/a>\n                    <div class=\"twp-reaction-title\">\n                        Happy                    <\/div>\n                    <div class=\"twp-count-percent\">\n                                                    <span style=\"display: none;\" class=\"twp-react-count\">0<\/span>\n                        \n                                                <span class=\"twp-react-percent\"><span>0<\/span> %<\/span>\n                                            <\/div>\n                <\/div>\n\n                <div class=\"twp-reacts-wrap\">\n                    <a react-data=\"be-react-2\" post-id=\"2148\" class=\"be-face-icons un-reacted\" href=\"javascript:void(0)\">\n                        <img decoding=\"async\" src=\"https:\/\/sue\u00f1adignidad.com\/wp-content\/plugins\/booster-extension\/\/assets\/icon\/sad.svg\" alt=\"Sad\">\n                    <\/a>\n                    <div class=\"twp-reaction-title\">\n                        Sad                    <\/div>\n                    <div class=\"twp-count-percent\">\n                                                    <span style=\"display: none;\" class=\"twp-react-count\">0<\/span>\n                                                                        <span class=\"twp-react-percent\"><span>0<\/span> %<\/span>\n                                            <\/div>\n                <\/div>\n\n                <div class=\"twp-reacts-wrap\">\n                    <a react-data=\"be-react-3\" post-id=\"2148\" class=\"be-face-icons un-reacted\" href=\"javascript:void(0)\">\n                        <img decoding=\"async\" src=\"https:\/\/sue\u00f1adignidad.com\/wp-content\/plugins\/booster-extension\/\/assets\/icon\/excited.svg\" alt=\"Excited\">\n                    <\/a>\n                    <div class=\"twp-reaction-title\">\n                        Excited                    <\/div>\n                    <div class=\"twp-count-percent\">\n                                                    <span style=\"display: none;\" class=\"twp-react-count\">0<\/span>\n                                                                        <span class=\"twp-react-percent\"><span>0<\/span> %<\/span>\n                                            <\/div>\n                <\/div>\n\n                <div class=\"twp-reacts-wrap\">\n                    <a react-data=\"be-react-6\" post-id=\"2148\" class=\"be-face-icons un-reacted\" href=\"javascript:void(0)\">\n                        <img decoding=\"async\" src=\"https:\/\/sue\u00f1adignidad.com\/wp-content\/plugins\/booster-extension\/\/assets\/icon\/sleepy.svg\" alt=\"Sleepy\">\n                    <\/a>\n                    <div class=\"twp-reaction-title\">\n                        Sleepy                    <\/div>\n                    <div class=\"twp-count-percent\">\n                                                    <span style=\"display: none;\" class=\"twp-react-count\">0<\/span>\n                        \n                                                <span class=\"twp-react-percent\"><span>0<\/span> %<\/span>\n                                            <\/div>\n                <\/div>\n\n                <div class=\"twp-reacts-wrap\">\n                    <a react-data=\"be-react-4\" post-id=\"2148\" class=\"be-face-icons un-reacted\" href=\"javascript:void(0)\">\n                        <img decoding=\"async\" src=\"https:\/\/sue\u00f1adignidad.com\/wp-content\/plugins\/booster-extension\/\/assets\/icon\/angry.svg\" alt=\"Angry\">\n                    <\/a>\n                    <div class=\"twp-reaction-title\">Angry<\/div>\n                    <div class=\"twp-count-percent\">\n                                                    <span style=\"display: none;\" class=\"twp-react-count\">0<\/span>\n                                                                        <span class=\"twp-react-percent\"><span>0<\/span> %<\/span>\n                        \n                    <\/div>\n                <\/div>\n\n                <div class=\"twp-reacts-wrap\">\n                    <a react-data=\"be-react-5\" post-id=\"2148\" class=\"be-face-icons un-reacted\" href=\"javascript:void(0)\">\n                        <img decoding=\"async\" src=\"https:\/\/sue\u00f1adignidad.com\/wp-content\/plugins\/booster-extension\/\/assets\/icon\/surprise.svg\" alt=\"Surprise\">\n                    <\/a>\n                    <div class=\"twp-reaction-title\">Surprise<\/div>\n                    <div class=\"twp-count-percent\">\n                                                    <span style=\"display: none;\" class=\"twp-react-count\">0<\/span>\n                                                                        <span class=\"twp-react-percent\"><span>0<\/span> %<\/span>\n                                            <\/div>\n                <\/div>\n\n            <\/div>\n        <\/div>\n\n    ","protected":false},"excerpt":{"rendered":"<p>Por Omar Veoz y Elizabeth D\u00edaz Ciudad de M\u00e9xico, 7 de septiembre de 2025.\u2013 A un a\u00f1o de la represi\u00f3n perpetrada en las alcald\u00edas de Xochimilco y Tlalpan contra defensoras y defensores del territorio, comunidades, activistas y periodistas, las colectividades organizadas regresaron a las calles y espacios comunitarios para exigir justicia, verdad y reparaci\u00f3n. La [&hellip;]<\/p>\n","protected":false},"author":1,"featured_media":2149,"comment_status":"open","ping_status":"open","sticky":false,"template":"","format":"standard","meta":{"site-sidebar-layout":"default","site-content-layout":"","ast-site-content-layout":"default","site-content-style":"default","site-sidebar-style":"default","ast-global-header-display":"","ast-banner-title-visibility":"","ast-main-header-display":"","ast-hfb-above-header-display":"","ast-hfb-below-header-display":"","ast-hfb-mobile-header-display":"","site-post-title":"","ast-breadcrumbs-content":"","ast-featured-img":"","footer-sml-layout":"","ast-disable-related-posts":"","theme-transparent-header-meta":"","adv-header-id-meta":"","stick-header-meta":"","header-above-stick-meta":"","header-main-stick-meta":"","header-below-stick-meta":"","astra-migrate-meta-layouts":"default","ast-page-background-enabled":"default","ast-page-background-meta":{"desktop":{"background-color":"var(--ast-global-color-5)","background-image":"","background-repeat":"repeat","background-position":"center center","background-size":"auto","background-attachment":"scroll","background-type":"","background-media":"","overlay-type":"","overlay-color":"","overlay-opacity":"","overlay-gradient":""},"tablet":{"background-color":"","background-image":"","background-repeat":"repeat","background-position":"center center","background-size":"auto","background-attachment":"scroll","background-type":"","background-media":"","overlay-type":"","overlay-color":"","overlay-opacity":"","overlay-gradient":""},"mobile":{"background-color":"","background-image":"","background-repeat":"repeat","background-position":"center center","background-size":"auto","background-attachment":"scroll","background-type":"","background-media":"","overlay-type":"","overlay-color":"","overlay-opacity":"","overlay-gradient":""}},"ast-content-background-meta":{"desktop":{"background-color":"var(--ast-global-color-4)","background-image":"","background-repeat":"repeat","background-position":"center center","background-size":"auto","background-attachment":"scroll","background-type":"","background-media":"","overlay-type":"","overlay-color":"","overlay-opacity":"","overlay-gradient":""},"tablet":{"background-color":"var(--ast-global-color-4)","background-image":"","background-repeat":"repeat","background-position":"center center","background-size":"auto","background-attachment":"scroll","background-type":"","background-media":"","overlay-type":"","overlay-color":"","overlay-opacity":"","overlay-gradient":""},"mobile":{"background-color":"var(--ast-global-color-4)","background-image":"","background-repeat":"repeat","background-position":"center center","background-size":"auto","background-attachment":"scroll","background-type":"","background-media":"","overlay-type":"","overlay-color":"","overlay-opacity":"","overlay-gradient":""}},"footnotes":""},"categories":[1],"tags":[60,63,61,62],"class_list":["post-2148","post","type-post","status-publish","format-standard","has-post-thumbnail","hentry","category-uncategorized","tag-halconazomorenista","tag-impunidad","tag-tlalpan","tag-xochimilco"],"_links":{"self":[{"href":"https:\/\/sue\u00f1adignidad.com\/index.php?rest_route=\/wp\/v2\/posts\/2148","targetHints":{"allow":["GET"]}}],"collection":[{"href":"https:\/\/sue\u00f1adignidad.com\/index.php?rest_route=\/wp\/v2\/posts"}],"about":[{"href":"https:\/\/sue\u00f1adignidad.com\/index.php?rest_route=\/wp\/v2\/types\/post"}],"author":[{"embeddable":true,"href":"https:\/\/sue\u00f1adignidad.com\/index.php?rest_route=\/wp\/v2\/users\/1"}],"replies":[{"embeddable":true,"href":"https:\/\/sue\u00f1adignidad.com\/index.php?rest_route=%2Fwp%2Fv2%2Fcomments&post=2148"}],"version-history":[{"count":2,"href":"https:\/\/sue\u00f1adignidad.com\/index.php?rest_route=\/wp\/v2\/posts\/2148\/revisions"}],"predecessor-version":[{"id":2179,"href":"https:\/\/sue\u00f1adignidad.com\/index.php?rest_route=\/wp\/v2\/posts\/2148\/revisions\/2179"}],"wp:featuredmedia":[{"embeddable":true,"href":"https:\/\/sue\u00f1adignidad.com\/index.php?rest_route=\/wp\/v2\/media\/2149"}],"wp:attachment":[{"href":"https:\/\/sue\u00f1adignidad.com\/index.php?rest_route=%2Fwp%2Fv2%2Fmedia&parent=2148"}],"wp:term":[{"taxonomy":"category","embeddable":true,"href":"https:\/\/sue\u00f1adignidad.com\/index.php?rest_route=%2Fwp%2Fv2%2Fcategories&post=2148"},{"taxonomy":"post_tag","embeddable":true,"href":"https:\/\/sue\u00f1adignidad.com\/index.php?rest_route=%2Fwp%2Fv2%2Ftags&post=2148"}],"curies":[{"name":"wp","href":"https:\/\/api.w.org\/{rel}","templated":true}]}}