{"id":1608,"date":"2025-01-12T20:33:48","date_gmt":"2025-01-13T02:33:48","guid":{"rendered":"https:\/\/sue\u00f1adignidad.com\/?p=1608"},"modified":"2025-01-12T21:15:03","modified_gmt":"2025-01-13T03:15:03","slug":"mercadita-feminista-se-manifiesta-tras-represion-policial-privatizacion-violenta-del-espacio-publico-gana-terreno","status":"publish","type":"post","link":"https:\/\/sue\u00f1adignidad.com\/?p=1608","title":{"rendered":"Mercadita feminista se manifiesta tras represi\u00f3n policial; privatizaci\u00f3n violenta del espacio p\u00fablico gana terreno"},"content":{"rendered":"<div class='booster-block booster-read-block'>\n                <div class=\"twp-read-time\">\n                \t<i class=\"booster-icon twp-clock\"><\/i> <span>Read Time:<\/span>2 Minute, 53 Second                <\/div>\n\n            <\/div>\n<p class=\"s2\">Este s\u00e1bado 11 de enero de 2025, diversas colectivas realizaron una protesta econ\u00f3mica pac\u00edfica a un costado del Hemiciclo a Ju\u00e1rez, en el centro de la Ciudad de M\u00e9xico. Sobre telas extendidas en el suelo marmolado de la Alameda, mujeres organizadas ofrecieron productos y servicios como lectura de tarot, galletas, joyer\u00eda, jabones artesanales y cigarros naturales. Si bien esto forma parte de una pr\u00e1ctica econ\u00f3mica y pol\u00edtica que se ha sostenido de manera organizada desde hace cerca de cinco a\u00f1os, esta vez, su intenci\u00f3n se centr\u00f3 en manifestarse contra la represi\u00f3n experimentada un d\u00eda antes por parte de elementos de la polic\u00eda de la CDMX.<\/p>\n\n\n\n<figure class=\"wp-block-image size-large\"><img loading=\"lazy\" decoding=\"async\" width=\"1024\" height=\"681\" src=\"https:\/\/sue\u00f1adignidad.com\/wp-content\/uploads\/2025\/01\/DSC_1105-1024x681.jpg\" alt=\"\" class=\"wp-image-1611\" srcset=\"https:\/\/sue\u00f1adignidad.com\/wp-content\/uploads\/2025\/01\/DSC_1105-1024x681.jpg 1024w, https:\/\/sue\u00f1adignidad.com\/wp-content\/uploads\/2025\/01\/DSC_1105-300x199.jpg 300w, https:\/\/sue\u00f1adignidad.com\/wp-content\/uploads\/2025\/01\/DSC_1105-768x511.jpg 768w, https:\/\/sue\u00f1adignidad.com\/wp-content\/uploads\/2025\/01\/DSC_1105-1536x1021.jpg 1536w, https:\/\/sue\u00f1adignidad.com\/wp-content\/uploads\/2025\/01\/DSC_1105-2048x1362.jpg 2048w, https:\/\/sue\u00f1adignidad.com\/wp-content\/uploads\/2025\/01\/DSC_1105-700x465.jpg 700w\" sizes=\"auto, (max-width: 1024px) 100vw, 1024px\" \/><\/figure>\n\n\n\n<p class=\"s3\">Una de las agrupaciones reprimidas fue la Colectiva&nbsp;Micelias, cuyas integrantes denuncian que una de sus compa\u00f1eras result\u00f3&nbsp;con una&nbsp;herida&nbsp;en el labio, mientras otras m\u00e1s fueron v\u00edctimas del robo de sus productos (entre ellos, cremas y jabones que ellas producen y que forman parte de su fuente de ingresos). Los responsables de estos hechos fueron elementos de la Secretar\u00eda de Seguridad Ciudadana&nbsp;-algunos de los cuales portaban un chaleco color guinda-, quienes encapsularon y grabaron a las colectivas durante la represi\u00f3n.<\/p>\n\n\n\n<figure class=\"wp-block-image size-large\"><img loading=\"lazy\" decoding=\"async\" width=\"540\" height=\"675\" src=\"https:\/\/sue\u00f1adignidad.com\/wp-content\/uploads\/2025\/01\/34.jpg\" alt=\"\" class=\"wp-image-1617\" srcset=\"https:\/\/sue\u00f1adignidad.com\/wp-content\/uploads\/2025\/01\/34.jpg 540w, https:\/\/sue\u00f1adignidad.com\/wp-content\/uploads\/2025\/01\/34-240x300.jpg 240w\" sizes=\"auto, (max-width: 540px) 100vw, 540px\" \/><\/figure>\n\n\n\n<p class=\"s3\">De acuerdo con el testimonio de una de las afectadas, este acto represivo responde a un operativo iniciado el 20 de diciembre de 2024&nbsp;en la Alameda de Bellas Artes con el objetivo de desalojar a las personas comerciantes del lugar, principalmente aquellas dedicadas al ambulantaje.&nbsp;Este operativo fue anunciado por&nbsp;C\u00e9sar Cravioto&nbsp;Romero(secretario de Gobierno de la CDMX)&nbsp;el 19 de diciembre y, aunque el funcionario declar\u00f3 que se mantendr\u00eda activo hasta el 7 de enero, la represi\u00f3n contra las colectivas deja entrever que el resguardo policial del espacio p\u00fablico a\u00fan se mantiene.<\/p>\n\n\n\n<figure class=\"wp-block-gallery has-nested-images columns-default is-cropped wp-block-gallery-1 is-layout-flex wp-block-gallery-is-layout-flex\">\n<figure class=\"wp-block-image size-large\"><img loading=\"lazy\" decoding=\"async\" width=\"1024\" height=\"681\" data-id=\"1610\" src=\"https:\/\/sue\u00f1adignidad.com\/wp-content\/uploads\/2025\/01\/DSC_1092-1024x681.jpg\" alt=\"\" class=\"wp-image-1610\" srcset=\"https:\/\/sue\u00f1adignidad.com\/wp-content\/uploads\/2025\/01\/DSC_1092-1024x681.jpg 1024w, https:\/\/sue\u00f1adignidad.com\/wp-content\/uploads\/2025\/01\/DSC_1092-300x199.jpg 300w, https:\/\/sue\u00f1adignidad.com\/wp-content\/uploads\/2025\/01\/DSC_1092-768x511.jpg 768w, https:\/\/sue\u00f1adignidad.com\/wp-content\/uploads\/2025\/01\/DSC_1092-1536x1021.jpg 1536w, https:\/\/sue\u00f1adignidad.com\/wp-content\/uploads\/2025\/01\/DSC_1092-2048x1362.jpg 2048w, https:\/\/sue\u00f1adignidad.com\/wp-content\/uploads\/2025\/01\/DSC_1092-700x465.jpg 700w\" sizes=\"auto, (max-width: 1024px) 100vw, 1024px\" \/><\/figure>\n<\/figure>\n\n\n\n<p class=\"s3\">Cravioto tambi\u00e9n declar\u00f3: \u201cRespetamos mucho a quienes ejercen el comercio en sus distintas facetas, por supuesto, quienes tienen un establecimiento mercantil; tambi\u00e9n respetamos mucho el comercio en v\u00eda p\u00fablica, pero tiene que haber orden y tiene que haber un n\u00famero determinado de comerciantes que permita que todos podamos convivir respetando los derechos humanos de quien vive, de quien visita, de quien camina y tambi\u00e9n de quien comercia aqu\u00ed en el Centro Hist\u00f3rico.\u201d<\/p>\n\n\n\n<p class=\"s3\">Contrario a ello, la represi\u00f3n del 10 de enero demuestra que los derechos humanos de las mujeres que ejercen el comercio en la v\u00eda p\u00fablica no forman parte de aquello que supuestamente se busca respetar y proteger. Tambi\u00e9n qued\u00f3 claro al d\u00eda siguiente, cuando, durante la protesta pac\u00edfica junto al Hemiciclo, grupos de entre 10 y 20 polic\u00edas con escudos rondaron una y otra vez la mercadita instalada por la tarde.<\/p>\n\n\n\n<figure class=\"wp-block-gallery has-nested-images columns-default is-cropped wp-block-gallery-2 is-layout-flex wp-block-gallery-is-layout-flex\">\n<figure class=\"wp-block-image size-large\"><img loading=\"lazy\" decoding=\"async\" width=\"1024\" height=\"687\" data-id=\"1614\" src=\"https:\/\/sue\u00f1adignidad.com\/wp-content\/uploads\/2025\/01\/DSC_1070-1024x687.jpg\" alt=\"\" class=\"wp-image-1614\" srcset=\"https:\/\/sue\u00f1adignidad.com\/wp-content\/uploads\/2025\/01\/DSC_1070-1024x687.jpg 1024w, https:\/\/sue\u00f1adignidad.com\/wp-content\/uploads\/2025\/01\/DSC_1070-300x201.jpg 300w, https:\/\/sue\u00f1adignidad.com\/wp-content\/uploads\/2025\/01\/DSC_1070-768x515.jpg 768w, https:\/\/sue\u00f1adignidad.com\/wp-content\/uploads\/2025\/01\/DSC_1070-1536x1031.jpg 1536w, https:\/\/sue\u00f1adignidad.com\/wp-content\/uploads\/2025\/01\/DSC_1070-2048x1374.jpg 2048w\" sizes=\"auto, (max-width: 1024px) 100vw, 1024px\" \/><\/figure>\n<\/figure>\n\n\n\n<p class=\"s3\">Ante esto, las colectivas de la zona como&nbsp;Micelias&nbsp;y Autogesti\u00f3n Feminista&nbsp;denuncian la privatizaci\u00f3n del espacio por parte de las autoridades. Al mismo tiempo exponen la complejidad del asunto, pues al margen del ejercicio econ\u00f3mico y pol\u00edtico de las mujeres organizadas, el comercio en forma de ambulantaje en el Centro de la CDMX tambi\u00e9n ocupa el territorio y lo traviesa con problemas como el cobro de piso y el dominio de grupos criminales.<\/p>\n\n\n\n<p class=\"s3\">Pero las autoridades de la Ciudad no han hecho distinciones o an\u00e1lisis al respecto: por el contrario, han optado por una respuesta un\u00edvoca donde la violencia y la represi\u00f3n policial es la&nbsp;\u00fanica v\u00eda para abordar el tema. Con ello, incrementan la situaci\u00f3n de vulnerabilidad de mujeres cuya soluci\u00f3n a la precariedad y la violencia econ\u00f3mica ha sido la organizaci\u00f3n y la autogesti\u00f3n.<\/p>\n        <div class=\"booster-block booster-reactions-block\">\n            <div class=\"twp-reactions-icons\">\n                \n                <div class=\"twp-reacts-wrap\">\n                    <a react-data=\"be-react-1\" post-id=\"1608\" class=\"be-face-icons un-reacted\" href=\"javascript:void(0)\">\n                        <img decoding=\"async\" src=\"https:\/\/sue\u00f1adignidad.com\/wp-content\/plugins\/booster-extension\/\/assets\/icon\/happy.svg\" alt=\"Happy\">\n                    <\/a>\n                    <div class=\"twp-reaction-title\">\n                        Happy                    <\/div>\n                    <div class=\"twp-count-percent\">\n                                                    <span style=\"display: none;\" class=\"twp-react-count\">0<\/span>\n                        \n                                                <span class=\"twp-react-percent\"><span>0<\/span> %<\/span>\n                                            <\/div>\n                <\/div>\n\n                <div class=\"twp-reacts-wrap\">\n                    <a react-data=\"be-react-2\" post-id=\"1608\" class=\"be-face-icons un-reacted\" href=\"javascript:void(0)\">\n                        <img decoding=\"async\" src=\"https:\/\/sue\u00f1adignidad.com\/wp-content\/plugins\/booster-extension\/\/assets\/icon\/sad.svg\" alt=\"Sad\">\n                    <\/a>\n                    <div class=\"twp-reaction-title\">\n                        Sad                    <\/div>\n                    <div class=\"twp-count-percent\">\n                                                    <span style=\"display: none;\" class=\"twp-react-count\">0<\/span>\n                                                                        <span class=\"twp-react-percent\"><span>0<\/span> %<\/span>\n                                            <\/div>\n                <\/div>\n\n                <div class=\"twp-reacts-wrap\">\n                    <a react-data=\"be-react-3\" post-id=\"1608\" class=\"be-face-icons un-reacted\" href=\"javascript:void(0)\">\n                        <img decoding=\"async\" src=\"https:\/\/sue\u00f1adignidad.com\/wp-content\/plugins\/booster-extension\/\/assets\/icon\/excited.svg\" alt=\"Excited\">\n                    <\/a>\n                    <div class=\"twp-reaction-title\">\n                        Excited                    <\/div>\n                    <div class=\"twp-count-percent\">\n                                                    <span style=\"display: none;\" class=\"twp-react-count\">0<\/span>\n                                                                        <span class=\"twp-react-percent\"><span>0<\/span> %<\/span>\n                                            <\/div>\n                <\/div>\n\n                <div class=\"twp-reacts-wrap\">\n                    <a react-data=\"be-react-6\" post-id=\"1608\" class=\"be-face-icons un-reacted\" href=\"javascript:void(0)\">\n                        <img decoding=\"async\" src=\"https:\/\/sue\u00f1adignidad.com\/wp-content\/plugins\/booster-extension\/\/assets\/icon\/sleepy.svg\" alt=\"Sleepy\">\n                    <\/a>\n                    <div class=\"twp-reaction-title\">\n                        Sleepy                    <\/div>\n                    <div class=\"twp-count-percent\">\n                                                    <span style=\"display: none;\" class=\"twp-react-count\">0<\/span>\n                        \n                                                <span class=\"twp-react-percent\"><span>0<\/span> %<\/span>\n                                            <\/div>\n                <\/div>\n\n                <div class=\"twp-reacts-wrap\">\n                    <a react-data=\"be-react-4\" post-id=\"1608\" class=\"be-face-icons un-reacted\" href=\"javascript:void(0)\">\n                        <img decoding=\"async\" src=\"https:\/\/sue\u00f1adignidad.com\/wp-content\/plugins\/booster-extension\/\/assets\/icon\/angry.svg\" alt=\"Angry\">\n                    <\/a>\n                    <div class=\"twp-reaction-title\">Angry<\/div>\n                    <div class=\"twp-count-percent\">\n                                                    <span style=\"display: none;\" class=\"twp-react-count\">0<\/span>\n                                                                        <span class=\"twp-react-percent\"><span>0<\/span> %<\/span>\n                        \n                    <\/div>\n                <\/div>\n\n                <div class=\"twp-reacts-wrap\">\n                    <a react-data=\"be-react-5\" post-id=\"1608\" class=\"be-face-icons un-reacted\" href=\"javascript:void(0)\">\n                        <img decoding=\"async\" src=\"https:\/\/sue\u00f1adignidad.com\/wp-content\/plugins\/booster-extension\/\/assets\/icon\/surprise.svg\" alt=\"Surprise\">\n                    <\/a>\n                    <div class=\"twp-reaction-title\">Surprise<\/div>\n                    <div class=\"twp-count-percent\">\n                                                    <span style=\"display: none;\" class=\"twp-react-count\">0<\/span>\n                                                                        <span class=\"twp-react-percent\"><span>0<\/span> %<\/span>\n                                            <\/div>\n                <\/div>\n\n            <\/div>\n        <\/div>\n\n    ","protected":false},"excerpt":{"rendered":"<p>Este s\u00e1bado 11 de enero de 2025, diversas colectivas realizaron una protesta econ\u00f3mica pac\u00edfica a un costado del Hemiciclo a Ju\u00e1rez, en el centro de la Ciudad de M\u00e9xico. Sobre telas extendidas en el suelo marmolado de la Alameda, mujeres organizadas ofrecieron productos y servicios como lectura de tarot, galletas, joyer\u00eda, jabones artesanales y cigarros [&hellip;]<\/p>\n","protected":false},"author":1,"featured_media":1613,"comment_status":"closed","ping_status":"open","sticky":false,"template":"","format":"standard","meta":{"site-sidebar-layout":"default","site-content-layout":"","ast-site-content-layout":"default","site-content-style":"default","site-sidebar-style":"default","ast-global-header-display":"","ast-banner-title-visibility":"","ast-main-header-display":"","ast-hfb-above-header-display":"","ast-hfb-below-header-display":"","ast-hfb-mobile-header-display":"","site-post-title":"","ast-breadcrumbs-content":"","ast-featured-img":"","footer-sml-layout":"","ast-disable-related-posts":"","theme-transparent-header-meta":"","adv-header-id-meta":"","stick-header-meta":"","header-above-stick-meta":"","header-main-stick-meta":"","header-below-stick-meta":"","astra-migrate-meta-layouts":"default","ast-page-background-enabled":"default","ast-page-background-meta":{"desktop":{"background-color":"var(--ast-global-color-5)","background-image":"","background-repeat":"repeat","background-position":"center center","background-size":"auto","background-attachment":"scroll","background-type":"","background-media":"","overlay-type":"","overlay-color":"","overlay-opacity":"","overlay-gradient":""},"tablet":{"background-color":"","background-image":"","background-repeat":"repeat","background-position":"center center","background-size":"auto","background-attachment":"scroll","background-type":"","background-media":"","overlay-type":"","overlay-color":"","overlay-opacity":"","overlay-gradient":""},"mobile":{"background-color":"","background-image":"","background-repeat":"repeat","background-position":"center center","background-size":"auto","background-attachment":"scroll","background-type":"","background-media":"","overlay-type":"","overlay-color":"","overlay-opacity":"","overlay-gradient":""}},"ast-content-background-meta":{"desktop":{"background-color":"var(--ast-global-color-4)","background-image":"","background-repeat":"repeat","background-position":"center center","background-size":"auto","background-attachment":"scroll","background-type":"","background-media":"","overlay-type":"","overlay-color":"","overlay-opacity":"","overlay-gradient":""},"tablet":{"background-color":"var(--ast-global-color-4)","background-image":"","background-repeat":"repeat","background-position":"center center","background-size":"auto","background-attachment":"scroll","background-type":"","background-media":"","overlay-type":"","overlay-color":"","overlay-opacity":"","overlay-gradient":""},"mobile":{"background-color":"var(--ast-global-color-4)","background-image":"","background-repeat":"repeat","background-position":"center center","background-size":"auto","background-attachment":"scroll","background-type":"","background-media":"","overlay-type":"","overlay-color":"","overlay-opacity":"","overlay-gradient":""}},"footnotes":""},"categories":[1],"tags":[],"class_list":["post-1608","post","type-post","status-publish","format-standard","has-post-thumbnail","hentry","category-uncategorized"],"_links":{"self":[{"href":"https:\/\/sue\u00f1adignidad.com\/index.php?rest_route=\/wp\/v2\/posts\/1608","targetHints":{"allow":["GET"]}}],"collection":[{"href":"https:\/\/sue\u00f1adignidad.com\/index.php?rest_route=\/wp\/v2\/posts"}],"about":[{"href":"https:\/\/sue\u00f1adignidad.com\/index.php?rest_route=\/wp\/v2\/types\/post"}],"author":[{"embeddable":true,"href":"https:\/\/sue\u00f1adignidad.com\/index.php?rest_route=\/wp\/v2\/users\/1"}],"replies":[{"embeddable":true,"href":"https:\/\/sue\u00f1adignidad.com\/index.php?rest_route=%2Fwp%2Fv2%2Fcomments&post=1608"}],"version-history":[{"count":4,"href":"https:\/\/sue\u00f1adignidad.com\/index.php?rest_route=\/wp\/v2\/posts\/1608\/revisions"}],"predecessor-version":[{"id":1625,"href":"https:\/\/sue\u00f1adignidad.com\/index.php?rest_route=\/wp\/v2\/posts\/1608\/revisions\/1625"}],"wp:featuredmedia":[{"embeddable":true,"href":"https:\/\/sue\u00f1adignidad.com\/index.php?rest_route=\/wp\/v2\/media\/1613"}],"wp:attachment":[{"href":"https:\/\/sue\u00f1adignidad.com\/index.php?rest_route=%2Fwp%2Fv2%2Fmedia&parent=1608"}],"wp:term":[{"taxonomy":"category","embeddable":true,"href":"https:\/\/sue\u00f1adignidad.com\/index.php?rest_route=%2Fwp%2Fv2%2Fcategories&post=1608"},{"taxonomy":"post_tag","embeddable":true,"href":"https:\/\/sue\u00f1adignidad.com\/index.php?rest_route=%2Fwp%2Fv2%2Ftags&post=1608"}],"curies":[{"name":"wp","href":"https:\/\/api.w.org\/{rel}","templated":true}]}}