{"id":1588,"date":"2025-01-06T20:50:59","date_gmt":"2025-01-07T02:50:59","guid":{"rendered":"https:\/\/sue\u00f1adignidad.com\/?p=1588"},"modified":"2025-01-06T21:00:22","modified_gmt":"2025-01-07T03:00:22","slug":"feminicidio-por-precariedad-laboral-de-uber-justicia-para-karla-patricia-cortes-cervantes","status":"publish","type":"post","link":"https:\/\/sue\u00f1adignidad.com\/?p=1588","title":{"rendered":"Feminicidio por precariedad laboral de UBER: \u00a1Justicia para Karla Patricia Cort\u00e9s Cervantes!"},"content":{"rendered":"<div class='booster-block booster-read-block'>\n                <div class=\"twp-read-time\">\n                \t<i class=\"booster-icon twp-clock\"><\/i> <span>Read Time:<\/span>2 Minute, 11 Second                <\/div>\n\n            <\/div>\n<p>Ciudad de M\u00e9xico, 06\/01\/2025, im\u00e1genes-cobertura por Haaron \u00c1lvarez y texto por Elizabeth Diaz<\/p>\n\n\n\n<p>Frente a la sede de la Fiscal\u00eda General de Justicia de la Ciudad de M\u00e9xico, familiares, amistades y activistas se congregaron para exigir justicia por Karla Patricia Cort\u00e9s Cervantes, conductora de Uber que fue v\u00edctima de feminicidio mientras trabajaba el pasado 29 de diciembre de 2024.<\/p>\n\n\n\n<figure class=\"wp-block-image size-large\"><img loading=\"lazy\" decoding=\"async\" width=\"1024\" height=\"683\" src=\"https:\/\/sue\u00f1adignidad.com\/wp-content\/uploads\/2025\/01\/DSC_0669-1024x683.jpg\" alt=\"\" class=\"wp-image-1590\" srcset=\"https:\/\/sue\u00f1adignidad.com\/wp-content\/uploads\/2025\/01\/DSC_0669-1024x683.jpg 1024w, https:\/\/sue\u00f1adignidad.com\/wp-content\/uploads\/2025\/01\/DSC_0669-300x200.jpg 300w, https:\/\/sue\u00f1adignidad.com\/wp-content\/uploads\/2025\/01\/DSC_0669-768x512.jpg 768w, https:\/\/sue\u00f1adignidad.com\/wp-content\/uploads\/2025\/01\/DSC_0669-1536x1024.jpg 1536w, https:\/\/sue\u00f1adignidad.com\/wp-content\/uploads\/2025\/01\/DSC_0669-2048x1365.jpg 2048w\" sizes=\"auto, (max-width: 1024px) 100vw, 1024px\" \/><\/figure>\n\n\n\n<p>Al grito de \u201cNo fue homicidio, fue feminicidio\u201d, los manifestantes demandaron no solo una investigaci\u00f3n rigurosa y sin impunidad, sino tambi\u00e9n la intervenci\u00f3n de la empresa Uber en la protecci\u00f3n de sus trabajadores y trabajadoras. En palabras de Brisa, una de las hijas de Karla Patricia, \u201cEs indispensable que no se le d\u00e9 carpetazo al caso\u201d. Durante la protesta, que incluy\u00f3 el cierre de vialidades en el primer cuadro de la ciudad, se hizo un llamado a la empat\u00eda social y a la acci\u00f3n colectiva para erradicar la violencia feminicida en M\u00e9xico.<\/p>\n\n\n\n<figure class=\"wp-block-gallery has-nested-images columns-default is-cropped wp-block-gallery-1 is-layout-flex wp-block-gallery-is-layout-flex\">\n<figure class=\"wp-block-image size-large\"><img loading=\"lazy\" decoding=\"async\" width=\"1024\" height=\"684\" data-id=\"1598\" src=\"https:\/\/sue\u00f1adignidad.com\/wp-content\/uploads\/2025\/01\/DSC_0646-1024x684.jpg\" alt=\"\" class=\"wp-image-1598\" srcset=\"https:\/\/sue\u00f1adignidad.com\/wp-content\/uploads\/2025\/01\/DSC_0646-1024x684.jpg 1024w, https:\/\/sue\u00f1adignidad.com\/wp-content\/uploads\/2025\/01\/DSC_0646-300x200.jpg 300w, https:\/\/sue\u00f1adignidad.com\/wp-content\/uploads\/2025\/01\/DSC_0646-768x513.jpg 768w, https:\/\/sue\u00f1adignidad.com\/wp-content\/uploads\/2025\/01\/DSC_0646-1536x1026.jpg 1536w, https:\/\/sue\u00f1adignidad.com\/wp-content\/uploads\/2025\/01\/DSC_0646-2048x1367.jpg 2048w\" sizes=\"auto, (max-width: 1024px) 100vw, 1024px\" \/><\/figure>\n\n\n\n<figure class=\"wp-block-image size-large\"><img loading=\"lazy\" decoding=\"async\" width=\"1024\" height=\"683\" data-id=\"1595\" src=\"https:\/\/sue\u00f1adignidad.com\/wp-content\/uploads\/2025\/01\/DSC_0664-1024x683.jpg\" alt=\"\" class=\"wp-image-1595\" srcset=\"https:\/\/sue\u00f1adignidad.com\/wp-content\/uploads\/2025\/01\/DSC_0664-1024x683.jpg 1024w, https:\/\/sue\u00f1adignidad.com\/wp-content\/uploads\/2025\/01\/DSC_0664-300x200.jpg 300w, https:\/\/sue\u00f1adignidad.com\/wp-content\/uploads\/2025\/01\/DSC_0664-768x512.jpg 768w, https:\/\/sue\u00f1adignidad.com\/wp-content\/uploads\/2025\/01\/DSC_0664-1536x1024.jpg 1536w, https:\/\/sue\u00f1adignidad.com\/wp-content\/uploads\/2025\/01\/DSC_0664-2048x1365.jpg 2048w\" sizes=\"auto, (max-width: 1024px) 100vw, 1024px\" \/><\/figure>\n<\/figure>\n\n\n\n<p>Este caso pone en el centro del debate p\u00fablico la intersecci\u00f3n entre feminicidio y precariedad laboral. Uber, una de las empresas de transporte m\u00e1s grandes del mundo, ha sido objeto de cr\u00edticas constantes por las condiciones de inseguridad y la falta de derechos laborales para sus conductores. Si bien la plataforma se presenta como una alternativa de empleo flexible, sus trabajadores enfrentan riesgos significativos, desde accidentes hasta violencia extrema, sin contar con garant\u00edas m\u00ednimas como seguro de vida o protocolos de seguridad efectivos.<\/p>\n\n\n\n<figure class=\"wp-block-gallery has-nested-images columns-default is-cropped wp-block-gallery-2 is-layout-flex wp-block-gallery-is-layout-flex\">\n<figure class=\"wp-block-image size-large\"><img loading=\"lazy\" decoding=\"async\" width=\"1024\" height=\"683\" data-id=\"1604\" src=\"https:\/\/sue\u00f1adignidad.com\/wp-content\/uploads\/2025\/01\/DSC_0682-1024x683.jpg\" alt=\"\" class=\"wp-image-1604\" srcset=\"https:\/\/sue\u00f1adignidad.com\/wp-content\/uploads\/2025\/01\/DSC_0682-1024x683.jpg 1024w, https:\/\/sue\u00f1adignidad.com\/wp-content\/uploads\/2025\/01\/DSC_0682-300x200.jpg 300w, https:\/\/sue\u00f1adignidad.com\/wp-content\/uploads\/2025\/01\/DSC_0682-768x512.jpg 768w, https:\/\/sue\u00f1adignidad.com\/wp-content\/uploads\/2025\/01\/DSC_0682-1536x1024.jpg 1536w, https:\/\/sue\u00f1adignidad.com\/wp-content\/uploads\/2025\/01\/DSC_0682-2048x1365.jpg 2048w\" sizes=\"auto, (max-width: 1024px) 100vw, 1024px\" \/><\/figure>\n<\/figure>\n\n\n\n<p>En un pa\u00eds donde el feminicidio es una problem\u00e1tica alarmante, el asesinato de Karla Patricia no es un caso aislado. Cada d\u00eda, un promedio de 11 mujeres son asesinadas en M\u00e9xico, seg\u00fan datos de la Secretar\u00eda de Seguridad y Protecci\u00f3n Ciudadana. La mayor\u00eda de estos casos quedan impunes, perpetuando un ciclo de violencia estructural que afecta a las mujeres en todos los \u00e1mbitos de su vida.<\/p>\n\n\n\n<figure class=\"wp-block-gallery has-nested-images columns-default is-cropped wp-block-gallery-3 is-layout-flex wp-block-gallery-is-layout-flex\">\n<figure class=\"wp-block-image size-large\"><img loading=\"lazy\" decoding=\"async\" width=\"1024\" height=\"684\" data-id=\"1603\" src=\"https:\/\/sue\u00f1adignidad.com\/wp-content\/uploads\/2025\/01\/DSC_0667-1024x684.jpg\" alt=\"\" class=\"wp-image-1603\" srcset=\"https:\/\/sue\u00f1adignidad.com\/wp-content\/uploads\/2025\/01\/DSC_0667-1024x684.jpg 1024w, https:\/\/sue\u00f1adignidad.com\/wp-content\/uploads\/2025\/01\/DSC_0667-300x200.jpg 300w, https:\/\/sue\u00f1adignidad.com\/wp-content\/uploads\/2025\/01\/DSC_0667-768x513.jpg 768w, https:\/\/sue\u00f1adignidad.com\/wp-content\/uploads\/2025\/01\/DSC_0667-1536x1026.jpg 1536w, https:\/\/sue\u00f1adignidad.com\/wp-content\/uploads\/2025\/01\/DSC_0667-2048x1368.jpg 2048w\" sizes=\"auto, (max-width: 1024px) 100vw, 1024px\" \/><\/figure>\n\n\n\n<figure class=\"wp-block-image size-large\"><img loading=\"lazy\" decoding=\"async\" width=\"1024\" height=\"683\" data-id=\"1593\" src=\"https:\/\/sue\u00f1adignidad.com\/wp-content\/uploads\/2025\/01\/DSC_0662-1024x683.jpg\" alt=\"\" class=\"wp-image-1593\" srcset=\"https:\/\/sue\u00f1adignidad.com\/wp-content\/uploads\/2025\/01\/DSC_0662-1024x683.jpg 1024w, https:\/\/sue\u00f1adignidad.com\/wp-content\/uploads\/2025\/01\/DSC_0662-300x200.jpg 300w, https:\/\/sue\u00f1adignidad.com\/wp-content\/uploads\/2025\/01\/DSC_0662-768x512.jpg 768w, https:\/\/sue\u00f1adignidad.com\/wp-content\/uploads\/2025\/01\/DSC_0662-1536x1024.jpg 1536w, https:\/\/sue\u00f1adignidad.com\/wp-content\/uploads\/2025\/01\/DSC_0662-2048x1365.jpg 2048w\" sizes=\"auto, (max-width: 1024px) 100vw, 1024px\" \/><\/figure>\n<\/figure>\n\n\n\n<p>La exigencia a empresas internacionales como Uber tambi\u00e9n es clara: deben asumir su responsabilidad social y garantizar condiciones de trabajo dignas y seguras. El caso de Karla Patricia subraya la urgencia de establecer medidas concretas, como la implementaci\u00f3n de atenci\u00f3n ciudadana efectiva por parte de los elementos de seguridad p\u00fablica, seguros laborales que incluyan coberturas por violencia y colaboraciones m\u00e1s s\u00f3lidas con las autoridades locales.<\/p>\n\n\n\n<figure class=\"wp-block-gallery has-nested-images columns-default is-cropped wp-block-gallery-4 is-layout-flex wp-block-gallery-is-layout-flex\">\n<figure class=\"wp-block-image size-large\"><img loading=\"lazy\" decoding=\"async\" width=\"1024\" height=\"683\" data-id=\"1601\" src=\"https:\/\/sue\u00f1adignidad.com\/wp-content\/uploads\/2025\/01\/DSC_0670-1024x683.jpg\" alt=\"\" class=\"wp-image-1601\" srcset=\"https:\/\/sue\u00f1adignidad.com\/wp-content\/uploads\/2025\/01\/DSC_0670-1024x683.jpg 1024w, https:\/\/sue\u00f1adignidad.com\/wp-content\/uploads\/2025\/01\/DSC_0670-300x200.jpg 300w, https:\/\/sue\u00f1adignidad.com\/wp-content\/uploads\/2025\/01\/DSC_0670-768x512.jpg 768w, https:\/\/sue\u00f1adignidad.com\/wp-content\/uploads\/2025\/01\/DSC_0670-1536x1024.jpg 1536w, https:\/\/sue\u00f1adignidad.com\/wp-content\/uploads\/2025\/01\/DSC_0670-2048x1365.jpg 2048w\" sizes=\"auto, (max-width: 1024px) 100vw, 1024px\" \/><\/figure>\n<\/figure>\n\n\n\n<p>El feminicidio de Karla Patricia Cort\u00e9s Cervantes no solo conmociona, sino que tambi\u00e9n moviliza a una sociedad que no puede seguir permitiendo que las vidas de las mujeres se pierdan en medio de la indiferencia y la negligencia. Como lo expresaron las manifestantes, la justicia para Karla Patricia es un recordatorio urgente de que la lucha contra el feminicidio y por mejores condiciones laborales es una responsabilidad colectiva urgente.<\/p>\n\n\n\n<figure class=\"wp-block-gallery has-nested-images columns-default is-cropped wp-block-gallery-5 is-layout-flex wp-block-gallery-is-layout-flex\">\n<figure class=\"wp-block-image size-large\"><img loading=\"lazy\" decoding=\"async\" width=\"1024\" height=\"683\" data-id=\"1591\" src=\"https:\/\/sue\u00f1adignidad.com\/wp-content\/uploads\/2025\/01\/DSC_0652-1024x683.jpg\" alt=\"\" class=\"wp-image-1591\" srcset=\"https:\/\/sue\u00f1adignidad.com\/wp-content\/uploads\/2025\/01\/DSC_0652-1024x683.jpg 1024w, https:\/\/sue\u00f1adignidad.com\/wp-content\/uploads\/2025\/01\/DSC_0652-300x200.jpg 300w, https:\/\/sue\u00f1adignidad.com\/wp-content\/uploads\/2025\/01\/DSC_0652-768x512.jpg 768w, https:\/\/sue\u00f1adignidad.com\/wp-content\/uploads\/2025\/01\/DSC_0652-1536x1024.jpg 1536w, https:\/\/sue\u00f1adignidad.com\/wp-content\/uploads\/2025\/01\/DSC_0652-2048x1365.jpg 2048w\" sizes=\"auto, (max-width: 1024px) 100vw, 1024px\" \/><\/figure>\n\n\n\n<figure class=\"wp-block-image size-large\"><img loading=\"lazy\" decoding=\"async\" width=\"1024\" height=\"683\" data-id=\"1605\" src=\"https:\/\/sue\u00f1adignidad.com\/wp-content\/uploads\/2025\/01\/DSC_0686-1024x683.jpg\" alt=\"\" class=\"wp-image-1605\" srcset=\"https:\/\/sue\u00f1adignidad.com\/wp-content\/uploads\/2025\/01\/DSC_0686-1024x683.jpg 1024w, https:\/\/sue\u00f1adignidad.com\/wp-content\/uploads\/2025\/01\/DSC_0686-300x200.jpg 300w, https:\/\/sue\u00f1adignidad.com\/wp-content\/uploads\/2025\/01\/DSC_0686-768x512.jpg 768w, https:\/\/sue\u00f1adignidad.com\/wp-content\/uploads\/2025\/01\/DSC_0686-1536x1024.jpg 1536w, https:\/\/sue\u00f1adignidad.com\/wp-content\/uploads\/2025\/01\/DSC_0686-2048x1365.jpg 2048w\" sizes=\"auto, (max-width: 1024px) 100vw, 1024px\" \/><\/figure>\n<\/figure>\n\n\n\n<figure class=\"wp-block-image size-large\"><img loading=\"lazy\" decoding=\"async\" width=\"1024\" height=\"683\" src=\"https:\/\/sue\u00f1adignidad.com\/wp-content\/uploads\/2025\/01\/DSC_0666-1024x683.jpg\" alt=\"\" class=\"wp-image-1589\" srcset=\"https:\/\/sue\u00f1adignidad.com\/wp-content\/uploads\/2025\/01\/DSC_0666-1024x683.jpg 1024w, https:\/\/sue\u00f1adignidad.com\/wp-content\/uploads\/2025\/01\/DSC_0666-300x200.jpg 300w, https:\/\/sue\u00f1adignidad.com\/wp-content\/uploads\/2025\/01\/DSC_0666-768x512.jpg 768w, https:\/\/sue\u00f1adignidad.com\/wp-content\/uploads\/2025\/01\/DSC_0666-1536x1024.jpg 1536w, https:\/\/sue\u00f1adignidad.com\/wp-content\/uploads\/2025\/01\/DSC_0666-2048x1365.jpg 2048w\" sizes=\"auto, (max-width: 1024px) 100vw, 1024px\" \/><\/figure>\n\n\n\n<figure class=\"wp-block-gallery has-nested-images columns-default is-cropped wp-block-gallery-6 is-layout-flex wp-block-gallery-is-layout-flex\">\n<figure class=\"wp-block-image size-large\"><img loading=\"lazy\" decoding=\"async\" width=\"1024\" height=\"644\" data-id=\"1592\" src=\"https:\/\/sue\u00f1adignidad.com\/wp-content\/uploads\/2025\/01\/DSC_0644-1024x644.jpg\" alt=\"\" class=\"wp-image-1592\" srcset=\"https:\/\/sue\u00f1adignidad.com\/wp-content\/uploads\/2025\/01\/DSC_0644-1024x644.jpg 1024w, https:\/\/sue\u00f1adignidad.com\/wp-content\/uploads\/2025\/01\/DSC_0644-300x189.jpg 300w, https:\/\/sue\u00f1adignidad.com\/wp-content\/uploads\/2025\/01\/DSC_0644-768x483.jpg 768w, https:\/\/sue\u00f1adignidad.com\/wp-content\/uploads\/2025\/01\/DSC_0644-1536x966.jpg 1536w, https:\/\/sue\u00f1adignidad.com\/wp-content\/uploads\/2025\/01\/DSC_0644-2048x1288.jpg 2048w\" sizes=\"auto, (max-width: 1024px) 100vw, 1024px\" \/><\/figure>\n\n\n\n<figure class=\"wp-block-image size-large\"><img loading=\"lazy\" decoding=\"async\" width=\"1024\" height=\"684\" data-id=\"1596\" src=\"https:\/\/sue\u00f1adignidad.com\/wp-content\/uploads\/2025\/01\/DSC_0660-1024x684.jpg\" alt=\"\" class=\"wp-image-1596\" srcset=\"https:\/\/sue\u00f1adignidad.com\/wp-content\/uploads\/2025\/01\/DSC_0660-1024x684.jpg 1024w, https:\/\/sue\u00f1adignidad.com\/wp-content\/uploads\/2025\/01\/DSC_0660-300x200.jpg 300w, https:\/\/sue\u00f1adignidad.com\/wp-content\/uploads\/2025\/01\/DSC_0660-768x513.jpg 768w, https:\/\/sue\u00f1adignidad.com\/wp-content\/uploads\/2025\/01\/DSC_0660-1536x1025.jpg 1536w, https:\/\/sue\u00f1adignidad.com\/wp-content\/uploads\/2025\/01\/DSC_0660-2048x1367.jpg 2048w\" sizes=\"auto, (max-width: 1024px) 100vw, 1024px\" \/><\/figure>\n<\/figure>\n        <div class=\"booster-block booster-reactions-block\">\n            <div class=\"twp-reactions-icons\">\n                \n                <div class=\"twp-reacts-wrap\">\n                    <a react-data=\"be-react-1\" post-id=\"1588\" class=\"be-face-icons un-reacted\" href=\"javascript:void(0)\">\n                        <img decoding=\"async\" src=\"https:\/\/sue\u00f1adignidad.com\/wp-content\/plugins\/booster-extension\/\/assets\/icon\/happy.svg\" alt=\"Happy\">\n                    <\/a>\n                    <div class=\"twp-reaction-title\">\n                        Happy                    <\/div>\n                    <div class=\"twp-count-percent\">\n                                                    <span style=\"display: none;\" class=\"twp-react-count\">0<\/span>\n                        \n                                                <span class=\"twp-react-percent\"><span>0<\/span> %<\/span>\n                                            <\/div>\n                <\/div>\n\n                <div class=\"twp-reacts-wrap\">\n                    <a react-data=\"be-react-2\" post-id=\"1588\" class=\"be-face-icons un-reacted\" href=\"javascript:void(0)\">\n                        <img decoding=\"async\" src=\"https:\/\/sue\u00f1adignidad.com\/wp-content\/plugins\/booster-extension\/\/assets\/icon\/sad.svg\" alt=\"Sad\">\n                    <\/a>\n                    <div class=\"twp-reaction-title\">\n                        Sad                    <\/div>\n                    <div class=\"twp-count-percent\">\n                                                    <span style=\"display: none;\" class=\"twp-react-count\">0<\/span>\n                                                                        <span class=\"twp-react-percent\"><span>0<\/span> %<\/span>\n                                            <\/div>\n                <\/div>\n\n                <div class=\"twp-reacts-wrap\">\n                    <a react-data=\"be-react-3\" post-id=\"1588\" class=\"be-face-icons un-reacted\" href=\"javascript:void(0)\">\n                        <img decoding=\"async\" src=\"https:\/\/sue\u00f1adignidad.com\/wp-content\/plugins\/booster-extension\/\/assets\/icon\/excited.svg\" alt=\"Excited\">\n                    <\/a>\n                    <div class=\"twp-reaction-title\">\n                        Excited                    <\/div>\n                    <div class=\"twp-count-percent\">\n                                                    <span style=\"display: none;\" class=\"twp-react-count\">0<\/span>\n                                                                        <span class=\"twp-react-percent\"><span>0<\/span> %<\/span>\n                                            <\/div>\n                <\/div>\n\n                <div class=\"twp-reacts-wrap\">\n                    <a react-data=\"be-react-6\" post-id=\"1588\" class=\"be-face-icons un-reacted\" href=\"javascript:void(0)\">\n                        <img decoding=\"async\" src=\"https:\/\/sue\u00f1adignidad.com\/wp-content\/plugins\/booster-extension\/\/assets\/icon\/sleepy.svg\" alt=\"Sleepy\">\n                    <\/a>\n                    <div class=\"twp-reaction-title\">\n                        Sleepy                    <\/div>\n                    <div class=\"twp-count-percent\">\n                                                    <span style=\"display: none;\" class=\"twp-react-count\">0<\/span>\n                        \n                                                <span class=\"twp-react-percent\"><span>0<\/span> %<\/span>\n                                            <\/div>\n                <\/div>\n\n                <div class=\"twp-reacts-wrap\">\n                    <a react-data=\"be-react-4\" post-id=\"1588\" class=\"be-face-icons un-reacted\" href=\"javascript:void(0)\">\n                        <img decoding=\"async\" src=\"https:\/\/sue\u00f1adignidad.com\/wp-content\/plugins\/booster-extension\/\/assets\/icon\/angry.svg\" alt=\"Angry\">\n                    <\/a>\n                    <div class=\"twp-reaction-title\">Angry<\/div>\n                    <div class=\"twp-count-percent\">\n                                                    <span style=\"display: none;\" class=\"twp-react-count\">0<\/span>\n                                                                        <span class=\"twp-react-percent\"><span>0<\/span> %<\/span>\n                        \n                    <\/div>\n                <\/div>\n\n                <div class=\"twp-reacts-wrap\">\n                    <a react-data=\"be-react-5\" post-id=\"1588\" class=\"be-face-icons un-reacted\" href=\"javascript:void(0)\">\n                        <img decoding=\"async\" src=\"https:\/\/sue\u00f1adignidad.com\/wp-content\/plugins\/booster-extension\/\/assets\/icon\/surprise.svg\" alt=\"Surprise\">\n                    <\/a>\n                    <div class=\"twp-reaction-title\">Surprise<\/div>\n                    <div class=\"twp-count-percent\">\n                                                    <span style=\"display: none;\" class=\"twp-react-count\">0<\/span>\n                                                                        <span class=\"twp-react-percent\"><span>0<\/span> %<\/span>\n                                            <\/div>\n                <\/div>\n\n            <\/div>\n        <\/div>\n\n    ","protected":false},"excerpt":{"rendered":"<p>Ciudad de M\u00e9xico, 06\/01\/2025, im\u00e1genes-cobertura por Haaron \u00c1lvarez y texto por Elizabeth Diaz Frente a la sede de la Fiscal\u00eda General de Justicia de la Ciudad de M\u00e9xico, familiares, amistades y activistas se congregaron para exigir justicia por Karla Patricia Cort\u00e9s Cervantes, conductora de Uber que fue v\u00edctima de feminicidio mientras trabajaba el pasado 29 [&hellip;]<\/p>\n","protected":false},"author":1,"featured_media":1589,"comment_status":"open","ping_status":"open","sticky":false,"template":"","format":"standard","meta":{"site-sidebar-layout":"default","site-content-layout":"","ast-site-content-layout":"default","site-content-style":"default","site-sidebar-style":"default","ast-global-header-display":"","ast-banner-title-visibility":"","ast-main-header-display":"","ast-hfb-above-header-display":"","ast-hfb-below-header-display":"","ast-hfb-mobile-header-display":"","site-post-title":"","ast-breadcrumbs-content":"","ast-featured-img":"","footer-sml-layout":"","ast-disable-related-posts":"","theme-transparent-header-meta":"","adv-header-id-meta":"","stick-header-meta":"","header-above-stick-meta":"","header-main-stick-meta":"","header-below-stick-meta":"","astra-migrate-meta-layouts":"default","ast-page-background-enabled":"default","ast-page-background-meta":{"desktop":{"background-color":"var(--ast-global-color-5)","background-image":"","background-repeat":"repeat","background-position":"center center","background-size":"auto","background-attachment":"scroll","background-type":"","background-media":"","overlay-type":"","overlay-color":"","overlay-opacity":"","overlay-gradient":""},"tablet":{"background-color":"","background-image":"","background-repeat":"repeat","background-position":"center center","background-size":"auto","background-attachment":"scroll","background-type":"","background-media":"","overlay-type":"","overlay-color":"","overlay-opacity":"","overlay-gradient":""},"mobile":{"background-color":"","background-image":"","background-repeat":"repeat","background-position":"center center","background-size":"auto","background-attachment":"scroll","background-type":"","background-media":"","overlay-type":"","overlay-color":"","overlay-opacity":"","overlay-gradient":""}},"ast-content-background-meta":{"desktop":{"background-color":"var(--ast-global-color-4)","background-image":"","background-repeat":"repeat","background-position":"center center","background-size":"auto","background-attachment":"scroll","background-type":"","background-media":"","overlay-type":"","overlay-color":"","overlay-opacity":"","overlay-gradient":""},"tablet":{"background-color":"var(--ast-global-color-4)","background-image":"","background-repeat":"repeat","background-position":"center center","background-size":"auto","background-attachment":"scroll","background-type":"","background-media":"","overlay-type":"","overlay-color":"","overlay-opacity":"","overlay-gradient":""},"mobile":{"background-color":"var(--ast-global-color-4)","background-image":"","background-repeat":"repeat","background-position":"center center","background-size":"auto","background-attachment":"scroll","background-type":"","background-media":"","overlay-type":"","overlay-color":"","overlay-opacity":"","overlay-gradient":""}},"footnotes":""},"categories":[1],"tags":[],"class_list":["post-1588","post","type-post","status-publish","format-standard","has-post-thumbnail","hentry","category-uncategorized"],"_links":{"self":[{"href":"https:\/\/sue\u00f1adignidad.com\/index.php?rest_route=\/wp\/v2\/posts\/1588","targetHints":{"allow":["GET"]}}],"collection":[{"href":"https:\/\/sue\u00f1adignidad.com\/index.php?rest_route=\/wp\/v2\/posts"}],"about":[{"href":"https:\/\/sue\u00f1adignidad.com\/index.php?rest_route=\/wp\/v2\/types\/post"}],"author":[{"embeddable":true,"href":"https:\/\/sue\u00f1adignidad.com\/index.php?rest_route=\/wp\/v2\/users\/1"}],"replies":[{"embeddable":true,"href":"https:\/\/sue\u00f1adignidad.com\/index.php?rest_route=%2Fwp%2Fv2%2Fcomments&post=1588"}],"version-history":[{"count":3,"href":"https:\/\/sue\u00f1adignidad.com\/index.php?rest_route=\/wp\/v2\/posts\/1588\/revisions"}],"predecessor-version":[{"id":1607,"href":"https:\/\/sue\u00f1adignidad.com\/index.php?rest_route=\/wp\/v2\/posts\/1588\/revisions\/1607"}],"wp:featuredmedia":[{"embeddable":true,"href":"https:\/\/sue\u00f1adignidad.com\/index.php?rest_route=\/wp\/v2\/media\/1589"}],"wp:attachment":[{"href":"https:\/\/sue\u00f1adignidad.com\/index.php?rest_route=%2Fwp%2Fv2%2Fmedia&parent=1588"}],"wp:term":[{"taxonomy":"category","embeddable":true,"href":"https:\/\/sue\u00f1adignidad.com\/index.php?rest_route=%2Fwp%2Fv2%2Fcategories&post=1588"},{"taxonomy":"post_tag","embeddable":true,"href":"https:\/\/sue\u00f1adignidad.com\/index.php?rest_route=%2Fwp%2Fv2%2Ftags&post=1588"}],"curies":[{"name":"wp","href":"https:\/\/api.w.org\/{rel}","templated":true}]}}