{"id":1533,"date":"2024-12-26T16:04:44","date_gmt":"2024-12-26T22:04:44","guid":{"rendered":"https:\/\/sue\u00f1adignidad.com\/?p=1533"},"modified":"2024-12-26T16:14:14","modified_gmt":"2024-12-26T22:14:14","slug":"galeria-contra-el-olvido-un-viaje-a-la-primera-marcha-por-la-desaparicion-de-los-43-estudiantes-de-ayotzinapa","status":"publish","type":"post","link":"https:\/\/sue\u00f1adignidad.com\/?p=1533","title":{"rendered":"Galer\u00eda contra el olvido: un viaje a la primera marcha por la desaparici\u00f3n de los 43 estudiantes de Ayotzinapa"},"content":{"rendered":"<div class='booster-block booster-read-block'>\n                <div class=\"twp-read-time\">\n                \t<i class=\"booster-icon twp-clock\"><\/i> <span>Read Time:<\/span>1 Minute, 52 Second                <\/div>\n\n            <\/div>\n<p>Por Haydee Garc\u00eda <\/p>\n\n\n\n<p>Edici\u00f3n por Elizabeth D\u00edaz<\/p>\n\n\n\n<p class=\"has-text-align-left\">El 26 de septiembre de 2014, 43 estudiantes de la Normal Rural Ra\u00fal Isidro Burgos desaparecieron en Iguala, Guerrero. Diez a\u00f1os despu\u00e9s, sus familias y la sociedad mantienen viva la exigencia de verdad y justicia. Lo que comenz\u00f3 como una herida local se convirti\u00f3 en un clamor internacional que resiste al tiempo. En 2024, al cumplirse el d\u00e9cimo aniversario, esta galer\u00eda de im\u00e1genes tomadas en 2014 contrasta con las del presente. Los rostros de los padres, entonces marcados por la angustia y la incertidumbre, hoy reflejan una determinaci\u00f3n f\u00e9rrea forjada por a\u00f1os de lucha. Cada marcha, cada consigna, y cada pancarta con los rostros de los estudiantes son un acto de memoria colectiva, un recordatorio de que la verdad no se negocia.<br>Estas im\u00e1genes, capturadas en la primera marcha el 8 de octubre del mismo a\u00f1o son un testimonio visual de un dolor que se niega a desvanecerse. Son un puente que conecta el pasado con el presente, record\u00e1ndonos que la lucha por los 43 estudiantes ha trascendido las fronteras temporales y geogr\u00e1ficas, convirti\u00e9ndose en un \u00edcono de la lucha contra la desaparici\u00f3n forzada.<br>En esta d\u00e9cada, los gobiernos han cambiado, pero las respuestas no han llegado. Las familias han enfrentado obst\u00e1culos, indiferencia y promesas vac\u00edas, pero no han dejado de caminar. Su lucha no solo busca justicia para sus hijos, sino que representa una demanda nacional por la verdad y contra la impunidad. Ayotzinapa no es solo una herida abierta; es tambi\u00e9n un s\u00edmbolo de resistencia. Es un llamado a no olvidar y a seguir exigiendo un M\u00e9xico donde la justicia no sea una excepci\u00f3n. Diez a\u00f1os despu\u00e9s, las palabras que nacieron aquella noche siguen resonando con fuerza: \u00a1VIVOS SE LOS LLEVARON, VIVOS LOS QUEREMOS!<\/p>\n\n\n\n<figure class=\"wp-block-gallery has-nested-images columns-default is-cropped has-very-light-gray-to-cyan-bluish-gray-gradient-background has-background wp-block-gallery-1 is-layout-flex wp-block-gallery-is-layout-flex\">\n<figure class=\"wp-block-image size-large is-style-default\"><img loading=\"lazy\" decoding=\"async\" width=\"819\" height=\"1024\" data-id=\"1540\" src=\"https:\/\/sue\u00f1adignidad.com\/wp-content\/uploads\/2024\/12\/81-819x1024.jpg\" alt=\"\" class=\"wp-image-1540\" srcset=\"https:\/\/sue\u00f1adignidad.com\/wp-content\/uploads\/2024\/12\/81-819x1024.jpg 819w, https:\/\/sue\u00f1adignidad.com\/wp-content\/uploads\/2024\/12\/81-240x300.jpg 240w, https:\/\/sue\u00f1adignidad.com\/wp-content\/uploads\/2024\/12\/81-768x960.jpg 768w, https:\/\/sue\u00f1adignidad.com\/wp-content\/uploads\/2024\/12\/81.jpg 1080w\" sizes=\"auto, (max-width: 819px) 100vw, 819px\" \/><\/figure>\n\n\n\n<figure class=\"wp-block-image size-large\"><img loading=\"lazy\" decoding=\"async\" width=\"819\" height=\"1024\" data-id=\"1539\" src=\"https:\/\/sue\u00f1adignidad.com\/wp-content\/uploads\/2024\/12\/32-819x1024.jpg\" alt=\"\" class=\"wp-image-1539\" srcset=\"https:\/\/sue\u00f1adignidad.com\/wp-content\/uploads\/2024\/12\/32-819x1024.jpg 819w, https:\/\/sue\u00f1adignidad.com\/wp-content\/uploads\/2024\/12\/32-240x300.jpg 240w, https:\/\/sue\u00f1adignidad.com\/wp-content\/uploads\/2024\/12\/32-768x960.jpg 768w, https:\/\/sue\u00f1adignidad.com\/wp-content\/uploads\/2024\/12\/32.jpg 1080w\" sizes=\"auto, (max-width: 819px) 100vw, 819px\" \/><\/figure>\n\n\n\n<figure class=\"wp-block-image size-large\"><img loading=\"lazy\" decoding=\"async\" width=\"819\" height=\"1024\" data-id=\"1536\" src=\"https:\/\/sue\u00f1adignidad.com\/wp-content\/uploads\/2024\/12\/41-819x1024.jpg\" alt=\"\" class=\"wp-image-1536\" srcset=\"https:\/\/sue\u00f1adignidad.com\/wp-content\/uploads\/2024\/12\/41-819x1024.jpg 819w, https:\/\/sue\u00f1adignidad.com\/wp-content\/uploads\/2024\/12\/41-240x300.jpg 240w, https:\/\/sue\u00f1adignidad.com\/wp-content\/uploads\/2024\/12\/41-768x960.jpg 768w, https:\/\/sue\u00f1adignidad.com\/wp-content\/uploads\/2024\/12\/41.jpg 1080w\" sizes=\"auto, (max-width: 819px) 100vw, 819px\" \/><\/figure>\n\n\n\n<figure class=\"wp-block-image size-large\"><img loading=\"lazy\" decoding=\"async\" width=\"819\" height=\"1024\" data-id=\"1534\" src=\"https:\/\/sue\u00f1adignidad.com\/wp-content\/uploads\/2024\/12\/61-819x1024.jpg\" alt=\"\" class=\"wp-image-1534\" srcset=\"https:\/\/sue\u00f1adignidad.com\/wp-content\/uploads\/2024\/12\/61-819x1024.jpg 819w, https:\/\/sue\u00f1adignidad.com\/wp-content\/uploads\/2024\/12\/61-240x300.jpg 240w, https:\/\/sue\u00f1adignidad.com\/wp-content\/uploads\/2024\/12\/61-768x960.jpg 768w, https:\/\/sue\u00f1adignidad.com\/wp-content\/uploads\/2024\/12\/61.jpg 1080w\" sizes=\"auto, (max-width: 819px) 100vw, 819px\" \/><\/figure>\n\n\n\n<figure class=\"wp-block-image size-large\"><img loading=\"lazy\" decoding=\"async\" width=\"819\" height=\"1024\" data-id=\"1535\" src=\"https:\/\/sue\u00f1adignidad.com\/wp-content\/uploads\/2024\/12\/71-819x1024.jpg\" alt=\"\" class=\"wp-image-1535\" srcset=\"https:\/\/sue\u00f1adignidad.com\/wp-content\/uploads\/2024\/12\/71-819x1024.jpg 819w, https:\/\/sue\u00f1adignidad.com\/wp-content\/uploads\/2024\/12\/71-240x300.jpg 240w, https:\/\/sue\u00f1adignidad.com\/wp-content\/uploads\/2024\/12\/71-768x960.jpg 768w, https:\/\/sue\u00f1adignidad.com\/wp-content\/uploads\/2024\/12\/71.jpg 1080w\" sizes=\"auto, (max-width: 819px) 100vw, 819px\" \/><\/figure>\n\n\n\n<figure class=\"wp-block-image size-large\"><img decoding=\"async\" data-id=\"1537\" src=\"https:\/\/sue\u00f1adignidad.com\/wp-content\/uploads\/2024\/12\/51-819x1024.jpg\" alt=\"\" class=\"wp-image-1537\"\/><\/figure>\n<\/figure>\n\n\n\n<p>Al revivir aquellos momentos, honramos la memoria de los 43 estudiantes y reafirmamos nuestro compromiso con la verdad. Cada rostro, cada mirada, es un recordatorio de que la lucha por la justicia es un acto de amor y de dignidad. Diez a\u00f1os despu\u00e9s, estas im\u00e1genes siguen siendo una poderosa herramienta para mantener viva la llama de la esperanza y para exigir un M\u00e9xico donde los desaparecidos no sean solo un n\u00famero, sino personas a las que se les arrebat\u00f3 la vida.<\/p>\n        <div class=\"booster-block booster-reactions-block\">\n            <div class=\"twp-reactions-icons\">\n                \n                <div class=\"twp-reacts-wrap\">\n                    <a react-data=\"be-react-1\" post-id=\"1533\" class=\"be-face-icons un-reacted\" href=\"javascript:void(0)\">\n                        <img decoding=\"async\" src=\"https:\/\/sue\u00f1adignidad.com\/wp-content\/plugins\/booster-extension\/\/assets\/icon\/happy.svg\" alt=\"Happy\">\n                    <\/a>\n                    <div class=\"twp-reaction-title\">\n                        Happy                    <\/div>\n                    <div class=\"twp-count-percent\">\n                                                    <span style=\"display: none;\" class=\"twp-react-count\">0<\/span>\n                        \n                                                <span class=\"twp-react-percent\"><span>0<\/span> %<\/span>\n                                            <\/div>\n                <\/div>\n\n                <div class=\"twp-reacts-wrap\">\n                    <a react-data=\"be-react-2\" post-id=\"1533\" class=\"be-face-icons un-reacted\" href=\"javascript:void(0)\">\n                        <img decoding=\"async\" src=\"https:\/\/sue\u00f1adignidad.com\/wp-content\/plugins\/booster-extension\/\/assets\/icon\/sad.svg\" alt=\"Sad\">\n                    <\/a>\n                    <div class=\"twp-reaction-title\">\n                        Sad                    <\/div>\n                    <div class=\"twp-count-percent\">\n                                                    <span style=\"display: none;\" class=\"twp-react-count\">0<\/span>\n                                                                        <span class=\"twp-react-percent\"><span>0<\/span> %<\/span>\n                                            <\/div>\n                <\/div>\n\n                <div class=\"twp-reacts-wrap\">\n                    <a react-data=\"be-react-3\" post-id=\"1533\" class=\"be-face-icons un-reacted\" href=\"javascript:void(0)\">\n                        <img decoding=\"async\" src=\"https:\/\/sue\u00f1adignidad.com\/wp-content\/plugins\/booster-extension\/\/assets\/icon\/excited.svg\" alt=\"Excited\">\n                    <\/a>\n                    <div class=\"twp-reaction-title\">\n                        Excited                    <\/div>\n                    <div class=\"twp-count-percent\">\n                                                    <span style=\"display: none;\" class=\"twp-react-count\">0<\/span>\n                                                                        <span class=\"twp-react-percent\"><span>0<\/span> %<\/span>\n                                            <\/div>\n                <\/div>\n\n                <div class=\"twp-reacts-wrap\">\n                    <a react-data=\"be-react-6\" post-id=\"1533\" class=\"be-face-icons un-reacted\" href=\"javascript:void(0)\">\n                        <img decoding=\"async\" src=\"https:\/\/sue\u00f1adignidad.com\/wp-content\/plugins\/booster-extension\/\/assets\/icon\/sleepy.svg\" alt=\"Sleepy\">\n                    <\/a>\n                    <div class=\"twp-reaction-title\">\n                        Sleepy                    <\/div>\n                    <div class=\"twp-count-percent\">\n                                                    <span style=\"display: none;\" class=\"twp-react-count\">0<\/span>\n                        \n                                                <span class=\"twp-react-percent\"><span>0<\/span> %<\/span>\n                                            <\/div>\n                <\/div>\n\n                <div class=\"twp-reacts-wrap\">\n                    <a react-data=\"be-react-4\" post-id=\"1533\" class=\"be-face-icons un-reacted\" href=\"javascript:void(0)\">\n                        <img decoding=\"async\" src=\"https:\/\/sue\u00f1adignidad.com\/wp-content\/plugins\/booster-extension\/\/assets\/icon\/angry.svg\" alt=\"Angry\">\n                    <\/a>\n                    <div class=\"twp-reaction-title\">Angry<\/div>\n                    <div class=\"twp-count-percent\">\n                                                    <span style=\"display: none;\" class=\"twp-react-count\">0<\/span>\n                                                                        <span class=\"twp-react-percent\"><span>0<\/span> %<\/span>\n                        \n                    <\/div>\n                <\/div>\n\n                <div class=\"twp-reacts-wrap\">\n                    <a react-data=\"be-react-5\" post-id=\"1533\" class=\"be-face-icons un-reacted\" href=\"javascript:void(0)\">\n                        <img decoding=\"async\" src=\"https:\/\/sue\u00f1adignidad.com\/wp-content\/plugins\/booster-extension\/\/assets\/icon\/surprise.svg\" alt=\"Surprise\">\n                    <\/a>\n                    <div class=\"twp-reaction-title\">Surprise<\/div>\n                    <div class=\"twp-count-percent\">\n                                                    <span style=\"display: none;\" class=\"twp-react-count\">0<\/span>\n                                                                        <span class=\"twp-react-percent\"><span>0<\/span> %<\/span>\n                                            <\/div>\n                <\/div>\n\n            <\/div>\n        <\/div>\n\n    ","protected":false},"excerpt":{"rendered":"<p>Por Haydee Garc\u00eda Edici\u00f3n por Elizabeth D\u00edaz El 26 de septiembre de 2014, 43 estudiantes de la Normal Rural Ra\u00fal Isidro Burgos desaparecieron en Iguala, Guerrero. Diez a\u00f1os despu\u00e9s, sus familias y la sociedad mantienen viva la exigencia de verdad y justicia. Lo que comenz\u00f3 como una herida local se convirti\u00f3 en un clamor internacional [&hellip;]<\/p>\n","protected":false},"author":1,"featured_media":1538,"comment_status":"open","ping_status":"open","sticky":false,"template":"","format":"standard","meta":{"site-sidebar-layout":"default","site-content-layout":"","ast-site-content-layout":"default","site-content-style":"default","site-sidebar-style":"default","ast-global-header-display":"","ast-banner-title-visibility":"","ast-main-header-display":"","ast-hfb-above-header-display":"","ast-hfb-below-header-display":"","ast-hfb-mobile-header-display":"","site-post-title":"","ast-breadcrumbs-content":"","ast-featured-img":"","footer-sml-layout":"","ast-disable-related-posts":"","theme-transparent-header-meta":"","adv-header-id-meta":"","stick-header-meta":"","header-above-stick-meta":"","header-main-stick-meta":"","header-below-stick-meta":"","astra-migrate-meta-layouts":"default","ast-page-background-enabled":"default","ast-page-background-meta":{"desktop":{"background-color":"var(--ast-global-color-5)","background-image":"","background-repeat":"repeat","background-position":"center center","background-size":"auto","background-attachment":"scroll","background-type":"","background-media":"","overlay-type":"","overlay-color":"","overlay-opacity":"","overlay-gradient":""},"tablet":{"background-color":"","background-image":"","background-repeat":"repeat","background-position":"center center","background-size":"auto","background-attachment":"scroll","background-type":"","background-media":"","overlay-type":"","overlay-color":"","overlay-opacity":"","overlay-gradient":""},"mobile":{"background-color":"","background-image":"","background-repeat":"repeat","background-position":"center center","background-size":"auto","background-attachment":"scroll","background-type":"","background-media":"","overlay-type":"","overlay-color":"","overlay-opacity":"","overlay-gradient":""}},"ast-content-background-meta":{"desktop":{"background-color":"var(--ast-global-color-4)","background-image":"","background-repeat":"repeat","background-position":"center center","background-size":"auto","background-attachment":"scroll","background-type":"","background-media":"","overlay-type":"","overlay-color":"","overlay-opacity":"","overlay-gradient":""},"tablet":{"background-color":"var(--ast-global-color-4)","background-image":"","background-repeat":"repeat","background-position":"center center","background-size":"auto","background-attachment":"scroll","background-type":"","background-media":"","overlay-type":"","overlay-color":"","overlay-opacity":"","overlay-gradient":""},"mobile":{"background-color":"var(--ast-global-color-4)","background-image":"","background-repeat":"repeat","background-position":"center center","background-size":"auto","background-attachment":"scroll","background-type":"","background-media":"","overlay-type":"","overlay-color":"","overlay-opacity":"","overlay-gradient":""}},"footnotes":""},"categories":[21],"tags":[51],"class_list":["post-1533","post","type-post","status-publish","format-standard","has-post-thumbnail","hentry","category-donde-estan","tag-ayotzinapa"],"_links":{"self":[{"href":"https:\/\/sue\u00f1adignidad.com\/index.php?rest_route=\/wp\/v2\/posts\/1533","targetHints":{"allow":["GET"]}}],"collection":[{"href":"https:\/\/sue\u00f1adignidad.com\/index.php?rest_route=\/wp\/v2\/posts"}],"about":[{"href":"https:\/\/sue\u00f1adignidad.com\/index.php?rest_route=\/wp\/v2\/types\/post"}],"author":[{"embeddable":true,"href":"https:\/\/sue\u00f1adignidad.com\/index.php?rest_route=\/wp\/v2\/users\/1"}],"replies":[{"embeddable":true,"href":"https:\/\/sue\u00f1adignidad.com\/index.php?rest_route=%2Fwp%2Fv2%2Fcomments&post=1533"}],"version-history":[{"count":5,"href":"https:\/\/sue\u00f1adignidad.com\/index.php?rest_route=\/wp\/v2\/posts\/1533\/revisions"}],"predecessor-version":[{"id":1551,"href":"https:\/\/sue\u00f1adignidad.com\/index.php?rest_route=\/wp\/v2\/posts\/1533\/revisions\/1551"}],"wp:featuredmedia":[{"embeddable":true,"href":"https:\/\/sue\u00f1adignidad.com\/index.php?rest_route=\/wp\/v2\/media\/1538"}],"wp:attachment":[{"href":"https:\/\/sue\u00f1adignidad.com\/index.php?rest_route=%2Fwp%2Fv2%2Fmedia&parent=1533"}],"wp:term":[{"taxonomy":"category","embeddable":true,"href":"https:\/\/sue\u00f1adignidad.com\/index.php?rest_route=%2Fwp%2Fv2%2Fcategories&post=1533"},{"taxonomy":"post_tag","embeddable":true,"href":"https:\/\/sue\u00f1adignidad.com\/index.php?rest_route=%2Fwp%2Fv2%2Ftags&post=1533"}],"curies":[{"name":"wp","href":"https:\/\/api.w.org\/{rel}","templated":true}]}}