{"id":1515,"date":"2024-12-16T19:17:25","date_gmt":"2024-12-17T01:17:25","guid":{"rendered":"https:\/\/sue\u00f1adignidad.com\/?p=1515"},"modified":"2024-12-23T19:07:37","modified_gmt":"2024-12-24T01:07:37","slug":"entre-impunidad-e-indolencia-cdmx-celebra-dia-del-policia-con-desfile-y-fiesta","status":"publish","type":"post","link":"https:\/\/sue\u00f1adignidad.com\/?p=1515","title":{"rendered":"Entre impunidad e indolencia, CDMX celebra d\u00eda del polic\u00eda con desfile y fiesta"},"content":{"rendered":"<div class='booster-block booster-read-block'>\n                <div class=\"twp-read-time\">\n                \t<i class=\"booster-icon twp-clock\"><\/i> <span>Read Time:<\/span>3 Minute, 52 Second                <\/div>\n\n            <\/div>\n<p>Por Diana Hern\u00e1ndez <\/p>\n\n\n\n<p class=\"s3\">En un tramo de poco menos de dos kil\u00f3metro de la avenida Paseo de la Reforma (en la Ciudad de M\u00e9xico), este 15 de diciembre, cientos de personas se agruparon&nbsp;desde las 8:30 de la ma\u00f1ana&nbsp;para festejar el&nbsp;d\u00eda del&nbsp;polic\u00eda. La mayor\u00eda de ellas eran familiares de \u201clos cuerpos de seguridad\u201d, adem\u00e1s de&nbsp;lxs&nbsp;mismxs&nbsp;polic\u00edas, quienes posaban para las fotograf\u00edas en lugar de&nbsp;evitarlas&nbsp;como sucede usualmente en manifestaciones o en la documentaci\u00f3n de agresiones en el espacio p\u00fablico en general.&nbsp;<\/p>\n\n\n\n<figure class=\"wp-block-image size-large\"><img decoding=\"async\" src=\"file:\/\/\/private\/var\/mobile\/Containers\/Data\/Application\/0D22F757-9640-45EE-ACD1-FC3D8C4C30E3\/tmp\/org.automattic.MediaImageServiceSymlinks\/thumbnail-2d17fc3d-deea-4d64-a63f-9cadb0bcb4e3-1540x1024.jpeg\" alt=\"\" class=\"wp-image-632174367\"\/><\/figure>\n\n\n\n<p class=\"s3\">Este domingo todo&nbsp;fue&nbsp;diferente. De fondo,&nbsp;polic\u00edas con y sin uniforme&nbsp;escuchaban&nbsp;m\u00fasica de mariachi y banda regional en vivo,&nbsp;y bailaban&nbsp;cumbias reproducidas desde las consolas que ocupan algunas mesas del lugar; en otras&nbsp;de las mesas&nbsp;se vend\u00edan tacos de canasta, vasos de fruta, se regalaban&nbsp;aguinaldos\u2026&nbsp;y&nbsp;al cierre de la jornada, un&nbsp;desfile en el que tambi\u00e9n participaron la Secretar\u00eda de la Defensa Nacional, la Guardia Nacional y la Secretar\u00eda de Marina parti\u00f3 del Hemiciclo a Ju\u00e1rez rumbo al&nbsp;Senado de la Rep\u00fablica.&nbsp;Es un&nbsp;ambiente&nbsp;de feria, completamente familiar, que&nbsp;no deja de&nbsp;resultar&nbsp;extra\u00f1o&nbsp;e indignante&nbsp;para quienes no forman parte del c\u00edrculo de festejos.<\/p>\n\n\n\n<figure class=\"wp-block-image size-large\"><img loading=\"lazy\" decoding=\"async\" width=\"1024\" height=\"681\" src=\"https:\/\/xn--sueadignidad-chb.com\/wp-content\/uploads\/2024\/12\/img_6143-2-1-1024x681.jpg\" alt=\"\" class=\"wp-image-1518\" srcset=\"https:\/\/sue\u00f1adignidad.com\/wp-content\/uploads\/2024\/12\/img_6143-2-1-1024x681.jpg 1024w, https:\/\/sue\u00f1adignidad.com\/wp-content\/uploads\/2024\/12\/img_6143-2-1-300x200.jpg 300w, https:\/\/sue\u00f1adignidad.com\/wp-content\/uploads\/2024\/12\/img_6143-2-1-768x511.jpg 768w, https:\/\/sue\u00f1adignidad.com\/wp-content\/uploads\/2024\/12\/img_6143-2-1-1536x1022.jpg 1536w, https:\/\/sue\u00f1adignidad.com\/wp-content\/uploads\/2024\/12\/img_6143-2-1.jpg 1920w\" sizes=\"auto, (max-width: 1024px) 100vw, 1024px\" \/><\/figure>\n\n\n\n<p class=\"s3\">La rabia no es gratuita. De acuerdo con&nbsp;el Censo&nbsp;Nacional de Seguridad P\u00fablica Estatal 2023&nbsp;de Instituto Nacional de Estad\u00edstica y Geograf\u00eda (Inegi), al cierre de 2022 se reportaron 13 mil 904 quejas y denuncias ciudadanas contra diferentes corporaciones policiales. Probablemente, entre ellas se encuentran&nbsp;denuncias&nbsp;relacionadas con casos como los que se observan en esta serie fotogr\u00e1fica. En ella, las&nbsp;escenas&nbsp;del \u201cfestejo\u201d de este domingo se superponen con titulares*&nbsp;que exponen el car\u00e1cter violento, represor y criminal de las instituciones de seguridad en M\u00e9xico.&nbsp;<\/p>\n\n\n\n<figure class=\"wp-block-image size-large\"><img decoding=\"async\" src=\"file:\/\/\/private\/var\/mobile\/Containers\/Data\/Application\/0D22F757-9640-45EE-ACD1-FC3D8C4C30E3\/tmp\/org.automattic.MediaImageServiceSymlinks\/thumbnail-b74b1059-5466-473f-b6fb-28de52e6f0b1-1540x1024.jpeg\" alt=\"\" class=\"wp-image--1515309033\"\/><\/figure>\n\n\n\n<p class=\"s3\">Aqu\u00ed, la polic\u00eda es part\u00edcipe de casos de desaparici\u00f3n forzada, tortura, violencia sexual&nbsp;y detenci\u00f3n arbitraria e ilegal, entre otros delitos.&nbsp;De acuerdo con&nbsp;Marcos Vizcarra y Scarlett&nbsp;Nordahl, del proyecto #HastaEncontarles, en&nbsp;un an\u00e1lisis&nbsp;de 338 expedientes abiertos por la Comisi\u00f3n de&nbsp;Derechos&nbsp;Humanos (CEDH) de Sinaloa relacionados con casos de desaparici\u00f3n,&nbsp;se encontraron con&nbsp;142&nbsp;carpetas donde&nbsp;se se\u00f1ala a polic\u00edas municipales, ministeriales&nbsp;yestatales&nbsp;como actores implicados en estos delitos.<\/p>\n\n\n\n<figure class=\"wp-block-image size-large\"><img loading=\"lazy\" decoding=\"async\" width=\"1024\" height=\"681\" src=\"https:\/\/xn--sueadignidad-chb.com\/wp-content\/uploads\/2024\/12\/img_6142-1-1-1024x681.jpg\" alt=\"\" class=\"wp-image-1519\" srcset=\"https:\/\/sue\u00f1adignidad.com\/wp-content\/uploads\/2024\/12\/img_6142-1-1-1024x681.jpg 1024w, https:\/\/sue\u00f1adignidad.com\/wp-content\/uploads\/2024\/12\/img_6142-1-1-300x200.jpg 300w, https:\/\/sue\u00f1adignidad.com\/wp-content\/uploads\/2024\/12\/img_6142-1-1-768x511.jpg 768w, https:\/\/sue\u00f1adignidad.com\/wp-content\/uploads\/2024\/12\/img_6142-1-1-1536x1022.jpg 1536w, https:\/\/sue\u00f1adignidad.com\/wp-content\/uploads\/2024\/12\/img_6142-1-1.jpg 1920w\" sizes=\"auto, (max-width: 1024px) 100vw, 1024px\" \/><\/figure>\n\n\n\n<p class=\"s3\">Estas y otras cifras relacionadas con la violencia policial tienen rostros como el de Luis e Iv\u00e1n, m\u00fasicos y activistas por los derechos humanos, quienes fueron v\u00edctimas de detenci\u00f3n arbitraria en la Ciudad de M\u00e9xico&nbsp;este 13 de diciembre. Rostros como el de las periodistas de Sue\u00f1a Dignidad y otros medios libres v\u00edctimas de represiones, violencia sexual y amenazas de muerte por ejercer el derecho a la libertad de expresi\u00f3n. Rostros, tambi\u00e9n, como los de aquellas personas migrantes que son extorsionadas y agredidas por la polic\u00eda.<\/p>\n\n\n\n<figure class=\"wp-block-image size-large\"><img loading=\"lazy\" decoding=\"async\" width=\"1024\" height=\"685\" src=\"https:\/\/xn--sueadignidad-chb.com\/wp-content\/uploads\/2024\/12\/img_6146-1-1024x685.jpg\" alt=\"\" class=\"wp-image-1521\" srcset=\"https:\/\/sue\u00f1adignidad.com\/wp-content\/uploads\/2024\/12\/img_6146-1-1024x685.jpg 1024w, https:\/\/sue\u00f1adignidad.com\/wp-content\/uploads\/2024\/12\/img_6146-1-300x201.jpg 300w, https:\/\/sue\u00f1adignidad.com\/wp-content\/uploads\/2024\/12\/img_6146-1-768x514.jpg 768w, https:\/\/sue\u00f1adignidad.com\/wp-content\/uploads\/2024\/12\/img_6146-1-1536x1027.jpg 1536w, https:\/\/sue\u00f1adignidad.com\/wp-content\/uploads\/2024\/12\/img_6146-1.jpg 1929w\" sizes=\"auto, (max-width: 1024px) 100vw, 1024px\" \/><\/figure>\n\n\n\n<p class=\"s3\">Para todas ellas, y para quienes hemos documentado&nbsp;la brutalidad&nbsp;policial, el desfile del d\u00eda del polic\u00eda es un sinsentido indignante. Las calles no son m\u00e1s seguras, y la violencia (en coalici\u00f3n con quienes portan armas y uniformes) ha cercado cada vez m\u00e1s el uso y goce del espacio p\u00fablico.&nbsp;<\/p>\n\n\n\n<p class=\"s3\">En este contexto, celebrar el d\u00eda del polic\u00eda es una afronta para las v\u00edctimas y sus colectividades. \u00a1No deber\u00eda existir un festejo cuando hay familias buscando a sus&nbsp;desaparecidxs,&nbsp;asesinatos impunes y represiones cada vez m\u00e1s frecuentes y violentas contra quienes denuncian y exigen justicia!<\/p>\n\n\n\n<p class=\"s3\">Ni un festejo para la polic\u00eda. Que as\u00ed como estos titulares se superponen a las fotograf\u00edas, lo gritos de justicia permanezcan en aquellos que quienes violan, agreden y extorsionan en lugar de cuidar.&nbsp;<\/p>\n\n\n\n<figure class=\"wp-block-image size-large\"><img loading=\"lazy\" decoding=\"async\" width=\"1024\" height=\"679\" src=\"https:\/\/xn--sueadignidad-chb.com\/wp-content\/uploads\/2024\/12\/img_6147-1-1024x679.jpg\" alt=\"\" class=\"wp-image-1523\" srcset=\"https:\/\/sue\u00f1adignidad.com\/wp-content\/uploads\/2024\/12\/img_6147-1-1024x679.jpg 1024w, https:\/\/sue\u00f1adignidad.com\/wp-content\/uploads\/2024\/12\/img_6147-1-300x199.jpg 300w, https:\/\/sue\u00f1adignidad.com\/wp-content\/uploads\/2024\/12\/img_6147-1-768x509.jpg 768w, https:\/\/sue\u00f1adignidad.com\/wp-content\/uploads\/2024\/12\/img_6147-1-1536x1018.jpg 1536w, https:\/\/sue\u00f1adignidad.com\/wp-content\/uploads\/2024\/12\/img_6147-1.jpg 1935w\" sizes=\"auto, (max-width: 1024px) 100vw, 1024px\" \/><\/figure>\n\n\n\n<p class=\"s3\">*Titulares tomados de los siguientes medios:<\/p>\n\n\n\n<p class=\"s3\">Infobae, El Pa\u00eds, Excelsior, The Washington Post, Efeminista, InSight&nbsp;Crime, The New York Times<\/p>\n\n\n\n<p><a href=\"https:\/\/www.nytimes.com\/es\/2024\/10\/02\/espanol\/america-latina\/ejercito-mexicano-dispara-migrantes.html\">https:\/\/www.nytimes.com\/es\/2024\/10\/02\/espanol\/america-latina\/ejercito-mexicano-dispara-migrantes.html<\/a><\/p>\n\n\n\n<p><a href=\"https:\/\/www.infobae.com\/mexico\/2024\/02\/26\/investigan-a-policias-por-agredir-a-hijo-de-fotoperiodista-de-veracruz-en-acayucan\/\">https:\/\/www.infobae.com\/mexico\/2024\/02\/26\/investigan-a-policias-por-agredir-a-hijo-de-fotoperiodista-de-veracruz-en-acayucan\/<\/a><\/p>\n\n\n\n<p><a href=\"https:\/\/www.excelsior.com.mx\/comunidad\/policias-someten-y-violan-a-menor-en-azcapotzalco\/1328672\">https:\/\/www.excelsior.com.mx\/comunidad\/policias-someten-y-violan-a-menor-en-azcapotzalco\/1328672<\/a><\/p>\n\n\n\n<p><a href=\"https:\/\/efeminista.com\/policia-miedo-violencia-machista\/\">https:\/\/efeminista.com\/policia-miedo-violencia-machista\/<\/a><\/p>\n\n\n\n<p><a href=\"https:\/\/insightcrime.org\/es\/noticias\/plaga-corrupcion-policial-niega-extinguida-mexico\/\">https:\/\/insightcrime.org\/es\/noticias\/plaga-corrupcion-policial-niega-extinguida-mexico\/<\/a><\/p>\n\n\n\n<p><a href=\"https:\/\/www.washingtonpost.com\/es\/post-opinion\/2022\/04\/28\/brutalidad-policial-mexico-cifras-impunidad-violencia\/\">https:\/\/www.washingtonpost.com\/es\/post-opinion\/2022\/04\/28\/brutalidad-policial-mexico-cifras-impunidad-violencia<\/a><\/p>\n\n\n\n<p><br \/>https:\/\/www.zonadocs.mx\/2021\/11\/28\/cuando-el-uniforme-de-policia-sirve-para-desaparecer-a-personas\/<\/p>\n\n\n\n<p>https:\/\/www.inegi.org.mx\/contenidos\/programas\/cnspe\/2023\/doc\/cnspe_2023_resultados.pdf<\/p>\n        <div class=\"booster-block booster-reactions-block\">\n            <div class=\"twp-reactions-icons\">\n                \n                <div class=\"twp-reacts-wrap\">\n                    <a react-data=\"be-react-1\" post-id=\"1515\" class=\"be-face-icons un-reacted\" href=\"javascript:void(0)\">\n                        <img decoding=\"async\" src=\"https:\/\/sue\u00f1adignidad.com\/wp-content\/plugins\/booster-extension\/\/assets\/icon\/happy.svg\" alt=\"Happy\">\n                    <\/a>\n                    <div class=\"twp-reaction-title\">\n                        Happy                    <\/div>\n                    <div class=\"twp-count-percent\">\n                                                    <span style=\"display: none;\" class=\"twp-react-count\">0<\/span>\n                        \n                                                <span class=\"twp-react-percent\"><span>0<\/span> %<\/span>\n                                            <\/div>\n                <\/div>\n\n                <div class=\"twp-reacts-wrap\">\n                    <a react-data=\"be-react-2\" post-id=\"1515\" class=\"be-face-icons un-reacted\" href=\"javascript:void(0)\">\n                        <img decoding=\"async\" src=\"https:\/\/sue\u00f1adignidad.com\/wp-content\/plugins\/booster-extension\/\/assets\/icon\/sad.svg\" alt=\"Sad\">\n                    <\/a>\n                    <div class=\"twp-reaction-title\">\n                        Sad                    <\/div>\n                    <div class=\"twp-count-percent\">\n                                                    <span style=\"display: none;\" class=\"twp-react-count\">0<\/span>\n                                                                        <span class=\"twp-react-percent\"><span>0<\/span> %<\/span>\n                                            <\/div>\n                <\/div>\n\n                <div class=\"twp-reacts-wrap\">\n                    <a react-data=\"be-react-3\" post-id=\"1515\" class=\"be-face-icons un-reacted\" href=\"javascript:void(0)\">\n                        <img decoding=\"async\" src=\"https:\/\/sue\u00f1adignidad.com\/wp-content\/plugins\/booster-extension\/\/assets\/icon\/excited.svg\" alt=\"Excited\">\n                    <\/a>\n                    <div class=\"twp-reaction-title\">\n                        Excited                    <\/div>\n                    <div class=\"twp-count-percent\">\n                                                    <span style=\"display: none;\" class=\"twp-react-count\">0<\/span>\n                                                                        <span class=\"twp-react-percent\"><span>0<\/span> %<\/span>\n                                            <\/div>\n                <\/div>\n\n                <div class=\"twp-reacts-wrap\">\n                    <a react-data=\"be-react-6\" post-id=\"1515\" class=\"be-face-icons un-reacted\" href=\"javascript:void(0)\">\n                        <img decoding=\"async\" src=\"https:\/\/sue\u00f1adignidad.com\/wp-content\/plugins\/booster-extension\/\/assets\/icon\/sleepy.svg\" alt=\"Sleepy\">\n                    <\/a>\n                    <div class=\"twp-reaction-title\">\n                        Sleepy                    <\/div>\n                    <div class=\"twp-count-percent\">\n                                                    <span style=\"display: none;\" class=\"twp-react-count\">0<\/span>\n                        \n                                                <span class=\"twp-react-percent\"><span>0<\/span> %<\/span>\n                                            <\/div>\n                <\/div>\n\n                <div class=\"twp-reacts-wrap\">\n                    <a react-data=\"be-react-4\" post-id=\"1515\" class=\"be-face-icons un-reacted\" href=\"javascript:void(0)\">\n                        <img decoding=\"async\" src=\"https:\/\/sue\u00f1adignidad.com\/wp-content\/plugins\/booster-extension\/\/assets\/icon\/angry.svg\" alt=\"Angry\">\n                    <\/a>\n                    <div class=\"twp-reaction-title\">Angry<\/div>\n                    <div class=\"twp-count-percent\">\n                                                    <span style=\"display: none;\" class=\"twp-react-count\">0<\/span>\n                                                                        <span class=\"twp-react-percent\"><span>0<\/span> %<\/span>\n                        \n                    <\/div>\n                <\/div>\n\n                <div class=\"twp-reacts-wrap\">\n                    <a react-data=\"be-react-5\" post-id=\"1515\" class=\"be-face-icons un-reacted\" href=\"javascript:void(0)\">\n                        <img decoding=\"async\" src=\"https:\/\/sue\u00f1adignidad.com\/wp-content\/plugins\/booster-extension\/\/assets\/icon\/surprise.svg\" alt=\"Surprise\">\n                    <\/a>\n                    <div class=\"twp-reaction-title\">Surprise<\/div>\n                    <div class=\"twp-count-percent\">\n                                                    <span style=\"display: none;\" class=\"twp-react-count\">0<\/span>\n                                                                        <span class=\"twp-react-percent\"><span>0<\/span> %<\/span>\n                                            <\/div>\n                <\/div>\n\n            <\/div>\n        <\/div>\n\n    ","protected":false},"excerpt":{"rendered":"<p>Por Diana Hern\u00e1ndez En un tramo de poco menos de dos kil\u00f3metro de la avenida Paseo de la Reforma (en la Ciudad de M\u00e9xico), este 15 de diciembre, cientos de personas se agruparon&nbsp;desde las 8:30 de la ma\u00f1ana&nbsp;para festejar el&nbsp;d\u00eda del&nbsp;polic\u00eda. La mayor\u00eda de ellas eran familiares de \u201clos cuerpos de seguridad\u201d, adem\u00e1s de&nbsp;lxs&nbsp;mismxs&nbsp;polic\u00edas, quienes [&hellip;]<\/p>\n","protected":false},"author":1,"featured_media":1517,"comment_status":"closed","ping_status":"open","sticky":false,"template":"","format":"standard","meta":{"site-sidebar-layout":"default","site-content-layout":"","ast-site-content-layout":"default","site-content-style":"default","site-sidebar-style":"default","ast-global-header-display":"","ast-banner-title-visibility":"","ast-main-header-display":"","ast-hfb-above-header-display":"","ast-hfb-below-header-display":"","ast-hfb-mobile-header-display":"","site-post-title":"","ast-breadcrumbs-content":"","ast-featured-img":"","footer-sml-layout":"","ast-disable-related-posts":"","theme-transparent-header-meta":"","adv-header-id-meta":"","stick-header-meta":"","header-above-stick-meta":"","header-main-stick-meta":"","header-below-stick-meta":"","astra-migrate-meta-layouts":"default","ast-page-background-enabled":"default","ast-page-background-meta":{"desktop":{"background-color":"var(--ast-global-color-5)","background-image":"","background-repeat":"repeat","background-position":"center center","background-size":"auto","background-attachment":"scroll","background-type":"","background-media":"","overlay-type":"","overlay-color":"","overlay-opacity":"","overlay-gradient":""},"tablet":{"background-color":"","background-image":"","background-repeat":"repeat","background-position":"center center","background-size":"auto","background-attachment":"scroll","background-type":"","background-media":"","overlay-type":"","overlay-color":"","overlay-opacity":"","overlay-gradient":""},"mobile":{"background-color":"","background-image":"","background-repeat":"repeat","background-position":"center center","background-size":"auto","background-attachment":"scroll","background-type":"","background-media":"","overlay-type":"","overlay-color":"","overlay-opacity":"","overlay-gradient":""}},"ast-content-background-meta":{"desktop":{"background-color":"var(--ast-global-color-4)","background-image":"","background-repeat":"repeat","background-position":"center center","background-size":"auto","background-attachment":"scroll","background-type":"","background-media":"","overlay-type":"","overlay-color":"","overlay-opacity":"","overlay-gradient":""},"tablet":{"background-color":"var(--ast-global-color-4)","background-image":"","background-repeat":"repeat","background-position":"center center","background-size":"auto","background-attachment":"scroll","background-type":"","background-media":"","overlay-type":"","overlay-color":"","overlay-opacity":"","overlay-gradient":""},"mobile":{"background-color":"var(--ast-global-color-4)","background-image":"","background-repeat":"repeat","background-position":"center center","background-size":"auto","background-attachment":"scroll","background-type":"","background-media":"","overlay-type":"","overlay-color":"","overlay-opacity":"","overlay-gradient":""}},"footnotes":""},"categories":[18,1],"tags":[],"class_list":["post-1515","post","type-post","status-publish","format-standard","has-post-thumbnail","hentry","category-coberturas","category-uncategorized"],"_links":{"self":[{"href":"https:\/\/sue\u00f1adignidad.com\/index.php?rest_route=\/wp\/v2\/posts\/1515","targetHints":{"allow":["GET"]}}],"collection":[{"href":"https:\/\/sue\u00f1adignidad.com\/index.php?rest_route=\/wp\/v2\/posts"}],"about":[{"href":"https:\/\/sue\u00f1adignidad.com\/index.php?rest_route=\/wp\/v2\/types\/post"}],"author":[{"embeddable":true,"href":"https:\/\/sue\u00f1adignidad.com\/index.php?rest_route=\/wp\/v2\/users\/1"}],"replies":[{"embeddable":true,"href":"https:\/\/sue\u00f1adignidad.com\/index.php?rest_route=%2Fwp%2Fv2%2Fcomments&post=1515"}],"version-history":[{"count":4,"href":"https:\/\/sue\u00f1adignidad.com\/index.php?rest_route=\/wp\/v2\/posts\/1515\/revisions"}],"predecessor-version":[{"id":1525,"href":"https:\/\/sue\u00f1adignidad.com\/index.php?rest_route=\/wp\/v2\/posts\/1515\/revisions\/1525"}],"wp:featuredmedia":[{"embeddable":true,"href":"https:\/\/sue\u00f1adignidad.com\/index.php?rest_route=\/wp\/v2\/media\/1517"}],"wp:attachment":[{"href":"https:\/\/sue\u00f1adignidad.com\/index.php?rest_route=%2Fwp%2Fv2%2Fmedia&parent=1515"}],"wp:term":[{"taxonomy":"category","embeddable":true,"href":"https:\/\/sue\u00f1adignidad.com\/index.php?rest_route=%2Fwp%2Fv2%2Fcategories&post=1515"},{"taxonomy":"post_tag","embeddable":true,"href":"https:\/\/sue\u00f1adignidad.com\/index.php?rest_route=%2Fwp%2Fv2%2Ftags&post=1515"}],"curies":[{"name":"wp","href":"https:\/\/api.w.org\/{rel}","templated":true}]}}