{"id":1446,"date":"2024-11-27T22:27:05","date_gmt":"2024-11-28T04:27:05","guid":{"rendered":"https:\/\/sue\u00f1adignidad.com\/?p=1446"},"modified":"2024-11-27T23:36:58","modified_gmt":"2024-11-28T05:36:58","slug":"tercera-faena-internacionalista-por-la-justicia-en-eloxochitlan-de-flores-magon-una-lucha-por-la-libertad-la-dignidad-y-el-territorio","status":"publish","type":"post","link":"https:\/\/sue\u00f1adignidad.com\/?p=1446","title":{"rendered":"Tercera Faena Internacionalista por la Justicia en Eloxochitl\u00e1n de Flores Mag\u00f3n: una lucha por la libertad, la dignidad y el territorio"},"content":{"rendered":"<div class='booster-block booster-read-block'>\n                <div class=\"twp-read-time\">\n                \t<i class=\"booster-icon twp-clock\"><\/i> <span>Read Time:<\/span>5 Minute, 38 Second                <\/div>\n\n            <\/div>\n<p>Cobertura por Aurora Davidia &amp; Elizabeth D\u00edaz, texto por Elizabeth D\u00edaz.<\/p>\n\n\n\n<p><em>Eloxochitl\u00e1n de Flores Mag\u00f3n, Oaxaca.<\/em> Del 23 al 25 de noviembre, la Tercera Faena Internacionalista por la Justicia reuni\u00f3 a defensores, colectivas, comunicadores comunitarios y artistas que defienden la vida y los derechos humanos de diversas partes del mundo en exigencia de libertad, justicia y dignidad para esta comunidad mazateca, marcada por m\u00e1s de una d\u00e9cada de conflictos, saqueo y violencia.<\/p>\n\n\n\n<p>El evento se desarroll\u00f3 en el marco del 102 aniversario luctuoso de Ricardo Flores Mag\u00f3n, emblem\u00e1tico defensor de la justicia social, y sirvi\u00f3 como un espacio de encuentro pol\u00edtico y art\u00edstico. Las actividades incluyeron talleres art\u00edsticos, la llegada de una rodada ciclista que parti\u00f3 de Ciudad de M\u00e9xico en Caravana hasta la comunidad, ponencias, proyecci\u00f3n de documentales, y un gran baile por la justicia. Desde la Rotonda de Flores Mag\u00f3n, se llev\u00f3 a cabo una ceremonia simb\u00f3lica: la Invocaci\u00f3n por la Libertad, protagonizada por ex presos pol\u00edticos, quienes compartieron sus testimonios y reflexiones sobre las luchas comunitarias.<\/p>\n\n\n\n<figure class=\"wp-block-gallery has-nested-images columns-default is-cropped wp-block-gallery-1 is-layout-flex wp-block-gallery-is-layout-flex\">\n<figure class=\"wp-block-image size-large\"><img loading=\"lazy\" decoding=\"async\" width=\"1024\" height=\"683\" data-id=\"1466\" src=\"https:\/\/sue\u00f1adignidad.com\/wp-content\/uploads\/2024\/11\/IMG_2210.CR2_-1024x683.jpg\" alt=\"\" class=\"wp-image-1466\" srcset=\"https:\/\/sue\u00f1adignidad.com\/wp-content\/uploads\/2024\/11\/IMG_2210.CR2_-1024x683.jpg 1024w, https:\/\/sue\u00f1adignidad.com\/wp-content\/uploads\/2024\/11\/IMG_2210.CR2_-300x200.jpg 300w, https:\/\/sue\u00f1adignidad.com\/wp-content\/uploads\/2024\/11\/IMG_2210.CR2_-768x512.jpg 768w, https:\/\/sue\u00f1adignidad.com\/wp-content\/uploads\/2024\/11\/IMG_2210.CR2_-1536x1024.jpg 1536w, https:\/\/sue\u00f1adignidad.com\/wp-content\/uploads\/2024\/11\/IMG_2210.CR2_-2048x1365.jpg 2048w\" sizes=\"auto, (max-width: 1024px) 100vw, 1024px\" \/><\/figure>\n\n\n\n<figure class=\"wp-block-image size-large\"><img loading=\"lazy\" decoding=\"async\" width=\"1024\" height=\"683\" data-id=\"1471\" src=\"https:\/\/sue\u00f1adignidad.com\/wp-content\/uploads\/2024\/11\/IMG_2172.CR2_-1024x683.jpg\" alt=\"\" class=\"wp-image-1471\" srcset=\"https:\/\/sue\u00f1adignidad.com\/wp-content\/uploads\/2024\/11\/IMG_2172.CR2_-1024x683.jpg 1024w, https:\/\/sue\u00f1adignidad.com\/wp-content\/uploads\/2024\/11\/IMG_2172.CR2_-300x200.jpg 300w, https:\/\/sue\u00f1adignidad.com\/wp-content\/uploads\/2024\/11\/IMG_2172.CR2_-768x512.jpg 768w, https:\/\/sue\u00f1adignidad.com\/wp-content\/uploads\/2024\/11\/IMG_2172.CR2_-1536x1024.jpg 1536w, https:\/\/sue\u00f1adignidad.com\/wp-content\/uploads\/2024\/11\/IMG_2172.CR2_-2048x1365.jpg 2048w\" sizes=\"auto, (max-width: 1024px) 100vw, 1024px\" \/><\/figure>\n\n\n\n<figure class=\"wp-block-image size-large\"><img loading=\"lazy\" decoding=\"async\" width=\"1024\" height=\"683\" data-id=\"1473\" src=\"https:\/\/sue\u00f1adignidad.com\/wp-content\/uploads\/2024\/11\/IMG_2159.CR2_-1024x683.jpg\" alt=\"\" class=\"wp-image-1473\" srcset=\"https:\/\/sue\u00f1adignidad.com\/wp-content\/uploads\/2024\/11\/IMG_2159.CR2_-1024x683.jpg 1024w, https:\/\/sue\u00f1adignidad.com\/wp-content\/uploads\/2024\/11\/IMG_2159.CR2_-300x200.jpg 300w, https:\/\/sue\u00f1adignidad.com\/wp-content\/uploads\/2024\/11\/IMG_2159.CR2_-768x512.jpg 768w, https:\/\/sue\u00f1adignidad.com\/wp-content\/uploads\/2024\/11\/IMG_2159.CR2_-1536x1024.jpg 1536w, https:\/\/sue\u00f1adignidad.com\/wp-content\/uploads\/2024\/11\/IMG_2159.CR2_-2048x1365.jpg 2048w\" sizes=\"auto, (max-width: 1024px) 100vw, 1024px\" \/><\/figure>\n\n\n\n<figure class=\"wp-block-image size-large\"><img loading=\"lazy\" decoding=\"async\" width=\"1024\" height=\"683\" data-id=\"1472\" src=\"https:\/\/sue\u00f1adignidad.com\/wp-content\/uploads\/2024\/11\/IMG_2169-1024x683.jpg\" alt=\"\" class=\"wp-image-1472\" srcset=\"https:\/\/sue\u00f1adignidad.com\/wp-content\/uploads\/2024\/11\/IMG_2169-1024x683.jpg 1024w, https:\/\/sue\u00f1adignidad.com\/wp-content\/uploads\/2024\/11\/IMG_2169-300x200.jpg 300w, https:\/\/sue\u00f1adignidad.com\/wp-content\/uploads\/2024\/11\/IMG_2169-768x512.jpg 768w, https:\/\/sue\u00f1adignidad.com\/wp-content\/uploads\/2024\/11\/IMG_2169-1536x1024.jpg 1536w, https:\/\/sue\u00f1adignidad.com\/wp-content\/uploads\/2024\/11\/IMG_2169-2048x1365.jpg 2048w\" sizes=\"auto, (max-width: 1024px) 100vw, 1024px\" \/><\/figure>\n\n\n\n<figure class=\"wp-block-image size-large\"><img loading=\"lazy\" decoding=\"async\" width=\"1024\" height=\"683\" data-id=\"1470\" src=\"https:\/\/sue\u00f1adignidad.com\/wp-content\/uploads\/2024\/11\/IMG_2179.CR2_-1024x683.jpg\" alt=\"\" class=\"wp-image-1470\" srcset=\"https:\/\/sue\u00f1adignidad.com\/wp-content\/uploads\/2024\/11\/IMG_2179.CR2_-1024x683.jpg 1024w, https:\/\/sue\u00f1adignidad.com\/wp-content\/uploads\/2024\/11\/IMG_2179.CR2_-300x200.jpg 300w, https:\/\/sue\u00f1adignidad.com\/wp-content\/uploads\/2024\/11\/IMG_2179.CR2_-768x512.jpg 768w, https:\/\/sue\u00f1adignidad.com\/wp-content\/uploads\/2024\/11\/IMG_2179.CR2_-1536x1024.jpg 1536w, https:\/\/sue\u00f1adignidad.com\/wp-content\/uploads\/2024\/11\/IMG_2179.CR2_-2048x1365.jpg 2048w\" sizes=\"auto, (max-width: 1024px) 100vw, 1024px\" \/><\/figure>\n<\/figure>\n\n\n\n<p><strong>Un territorio bajo asedio<\/strong><\/p>\n\n\n\n<p>La comunidad de Eloxochitl\u00e1n de Flores Mag\u00f3n ha denunciado sistem\u00e1ticamente el saqueo de sus recursos naturales y materiales de uso petreo (agua, grava, arena y \u00e1rboles) y la criminalizaci\u00f3n de sus habitantes. Estas acciones, atribuidas a caciques locales encabezados por el expresidente municipal y su hija, la diputada local de Morena, Elisa Zepeda Lagunas, han derivado en violaciones graves a los derechos humanos, desplazamientos forzados y detenciones arbitrarias de opositores al r\u00e9gimen caciquil.<\/p>\n\n\n\n<p>Las personas visitantes a la comunidad en esta Tercera Faena se percataron que las autoridades municipales no despachan en el palacio municipal porque fueron desplazadas por el cacique Manuel Zepeda y su hija Elisa Zepeda; estos sucesos llaman a una reflexi\u00f3n urgente desde la mirada exterior: Dos personas no pueden simplemente tomar decisiones de esa naturaleza en una comunidad a no ser que sean operadoras de un gobierno estatal o federal y por ello cuenten con impunidad total.<\/p>\n\n\n\n<p>Las y los participantes de la faena tambi\u00e9n se\u00f1alaron al gobierno estatal encabezado por Salom\u00f3n Jara Cruz y al Congreso morenista como responsables del retraso en los juicios, la falta de acceso a justicia y la omisi\u00f3n frente a las denuncias de tortura, cateos ilegales y menoscabo de derechos fundamentales.<\/p>\n\n\n\n<p><strong>Un llamado a la solidaridad global<\/strong><\/p>\n\n\n\n<p>La Tercera Faena Internacionalista no solo se consolid\u00f3 como un evento art\u00edstico y pol\u00edtico, sino como un llamado urgente a la solidaridad internacional. Con cada actividad, se reafirm\u00f3 el compromiso colectivo de exigir justicia para Eloxochitl\u00e1n de Flores Mag\u00f3n y para todas las comunidades que enfrentan conflictos similares en el mundo.<\/p>\n\n\n\n<p>El grito de \u201cLibertad Ya\u201d reson\u00f3 con fuerza entre las monta\u00f1as mazatecas, recordando que la lucha por la autonom\u00eda, la dignidad y el territorio es una causa que trasciende fronteras.<\/p>\n\n\n\n<figure class=\"wp-block-gallery has-nested-images columns-default is-cropped wp-block-gallery-2 is-layout-flex wp-block-gallery-is-layout-flex\">\n<figure class=\"wp-block-image size-large\"><img loading=\"lazy\" decoding=\"async\" width=\"1024\" height=\"683\" data-id=\"1476\" src=\"https:\/\/sue\u00f1adignidad.com\/wp-content\/uploads\/2024\/11\/IMG_2680.CR2_-2-1024x683.jpg\" alt=\"\" class=\"wp-image-1476\" srcset=\"https:\/\/sue\u00f1adignidad.com\/wp-content\/uploads\/2024\/11\/IMG_2680.CR2_-2-1024x683.jpg 1024w, https:\/\/sue\u00f1adignidad.com\/wp-content\/uploads\/2024\/11\/IMG_2680.CR2_-2-300x200.jpg 300w, https:\/\/sue\u00f1adignidad.com\/wp-content\/uploads\/2024\/11\/IMG_2680.CR2_-2-768x512.jpg 768w, https:\/\/sue\u00f1adignidad.com\/wp-content\/uploads\/2024\/11\/IMG_2680.CR2_-2-1536x1024.jpg 1536w, https:\/\/sue\u00f1adignidad.com\/wp-content\/uploads\/2024\/11\/IMG_2680.CR2_-2-2048x1365.jpg 2048w\" sizes=\"auto, (max-width: 1024px) 100vw, 1024px\" \/><\/figure>\n\n\n\n<figure class=\"wp-block-image size-large\"><img loading=\"lazy\" decoding=\"async\" width=\"1024\" height=\"683\" data-id=\"1477\" src=\"https:\/\/sue\u00f1adignidad.com\/wp-content\/uploads\/2024\/11\/IMG_2631.CR2_-1-1024x683.jpg\" alt=\"\" class=\"wp-image-1477\" srcset=\"https:\/\/sue\u00f1adignidad.com\/wp-content\/uploads\/2024\/11\/IMG_2631.CR2_-1-1024x683.jpg 1024w, https:\/\/sue\u00f1adignidad.com\/wp-content\/uploads\/2024\/11\/IMG_2631.CR2_-1-300x200.jpg 300w, https:\/\/sue\u00f1adignidad.com\/wp-content\/uploads\/2024\/11\/IMG_2631.CR2_-1-768x512.jpg 768w, https:\/\/sue\u00f1adignidad.com\/wp-content\/uploads\/2024\/11\/IMG_2631.CR2_-1-1536x1024.jpg 1536w, https:\/\/sue\u00f1adignidad.com\/wp-content\/uploads\/2024\/11\/IMG_2631.CR2_-1-2048x1365.jpg 2048w\" sizes=\"auto, (max-width: 1024px) 100vw, 1024px\" \/><\/figure>\n\n\n\n<figure class=\"wp-block-image size-large\"><img loading=\"lazy\" decoding=\"async\" width=\"1024\" height=\"683\" data-id=\"1478\" src=\"https:\/\/sue\u00f1adignidad.com\/wp-content\/uploads\/2024\/11\/IMG_2551.CR2_-1-1024x683.jpg\" alt=\"\" class=\"wp-image-1478\" srcset=\"https:\/\/sue\u00f1adignidad.com\/wp-content\/uploads\/2024\/11\/IMG_2551.CR2_-1-1024x683.jpg 1024w, https:\/\/sue\u00f1adignidad.com\/wp-content\/uploads\/2024\/11\/IMG_2551.CR2_-1-300x200.jpg 300w, https:\/\/sue\u00f1adignidad.com\/wp-content\/uploads\/2024\/11\/IMG_2551.CR2_-1-768x512.jpg 768w, https:\/\/sue\u00f1adignidad.com\/wp-content\/uploads\/2024\/11\/IMG_2551.CR2_-1-1536x1024.jpg 1536w, https:\/\/sue\u00f1adignidad.com\/wp-content\/uploads\/2024\/11\/IMG_2551.CR2_-1-2048x1365.jpg 2048w\" sizes=\"auto, (max-width: 1024px) 100vw, 1024px\" \/><\/figure>\n\n\n\n<figure class=\"wp-block-image size-large\"><img loading=\"lazy\" decoding=\"async\" width=\"1024\" height=\"683\" data-id=\"1479\" src=\"https:\/\/sue\u00f1adignidad.com\/wp-content\/uploads\/2024\/11\/IMG_2541.CR2_-1-1024x683.jpg\" alt=\"\" class=\"wp-image-1479\" srcset=\"https:\/\/sue\u00f1adignidad.com\/wp-content\/uploads\/2024\/11\/IMG_2541.CR2_-1-1024x683.jpg 1024w, https:\/\/sue\u00f1adignidad.com\/wp-content\/uploads\/2024\/11\/IMG_2541.CR2_-1-300x200.jpg 300w, https:\/\/sue\u00f1adignidad.com\/wp-content\/uploads\/2024\/11\/IMG_2541.CR2_-1-768x512.jpg 768w, https:\/\/sue\u00f1adignidad.com\/wp-content\/uploads\/2024\/11\/IMG_2541.CR2_-1-1536x1024.jpg 1536w, https:\/\/sue\u00f1adignidad.com\/wp-content\/uploads\/2024\/11\/IMG_2541.CR2_-1-2048x1365.jpg 2048w\" sizes=\"auto, (max-width: 1024px) 100vw, 1024px\" \/><\/figure>\n<\/figure>\n\n\n\n<p><strong>Demandas por justicia y libertad<\/strong><\/p>\n\n\n\n<p>Desde este espacio de resistencia, exigimos:<\/p>\n\n\n\n<ul class=\"wp-block-list\">\n<li><strong>Libertad absoluta para los presos pol\u00edticos de Eloxochitl\u00e1n de Flores Mag\u00f3n y otras comunidades del mundo.<\/strong><\/li>\n\n\n\n<li><strong>El fin de la criminalizaci\u00f3n y el desplazamiento forzado de las y los pobladores.<\/strong><\/li>\n\n\n\n<li><strong>La defensa del territorio y sus recursos naturales, priorizando la vida en todas sus formas.<\/strong><\/li>\n\n\n\n<li><strong>El cese de los gobiernos caciquiles que perpet\u00faan la desigualdad y el abuso de poder.<\/strong><\/li>\n<\/ul>\n\n\n\n<p>La comunidad reiter\u00f3 que las denuncias presentadas ante el juzgado de Huautla exponen m\u00e1s de 23 resoluciones que confirman irregularidades en los procesos judiciales, as\u00ed como la falsedad de las acusaciones promovidas por Elisa Zepeda Lagunas.<em>Eloxochitl\u00e1n de Flores Mag\u00f3n, Oaxaca.<\/em> Del 23 al 25 de noviembre, la Tercera Faena Internacionalista por la Justicia reuni\u00f3 a defensores, colectivas, comunicadores comunitarios y artistas que defienden la vida y los derechos humanos de diversas partes del mundo en exigencia de libertad, justicia y dignidad para esta comunidad mazateca, marcada por m\u00e1s de una d\u00e9cada de conflictos, saqueo y violencia.<\/p>\n\n\n\n<p>El evento se desarroll\u00f3 en el marco del 102 aniversario luctuoso de Ricardo Flores Mag\u00f3n, emblem\u00e1tico defensor de la justicia social, y sirvi\u00f3 como un espacio de encuentro pol\u00edtico y art\u00edstico. Las actividades incluyeron talleres art\u00edsticos, la llegada de una rodada ciclista que parti\u00f3 de Ciudad de M\u00e9xico en Caravana hasta la comunidad, ponencias, proyecci\u00f3n de documentales, y un gran baile por la justicia. Desde la Rotonda de Flores Mag\u00f3n, se llev\u00f3 a cabo una ceremonia simb\u00f3lica: la Invocaci\u00f3n por la Libertad, protagonizada por ex presos pol\u00edticos, quienes compartieron sus testimonios y reflexiones sobre las luchas comunitarias.<\/p>\n\n\n\n<figure class=\"wp-block-gallery has-nested-images columns-default is-cropped wp-block-gallery-3 is-layout-flex wp-block-gallery-is-layout-flex\">\n<figure class=\"wp-block-image size-large\"><img loading=\"lazy\" decoding=\"async\" width=\"1024\" height=\"683\" data-id=\"1480\" src=\"https:\/\/sue\u00f1adignidad.com\/wp-content\/uploads\/2024\/11\/IMG_2201.CR2_-1-1024x683.jpg\" alt=\"\" class=\"wp-image-1480\" srcset=\"https:\/\/sue\u00f1adignidad.com\/wp-content\/uploads\/2024\/11\/IMG_2201.CR2_-1-1024x683.jpg 1024w, https:\/\/sue\u00f1adignidad.com\/wp-content\/uploads\/2024\/11\/IMG_2201.CR2_-1-300x200.jpg 300w, https:\/\/sue\u00f1adignidad.com\/wp-content\/uploads\/2024\/11\/IMG_2201.CR2_-1-768x512.jpg 768w, https:\/\/sue\u00f1adignidad.com\/wp-content\/uploads\/2024\/11\/IMG_2201.CR2_-1-1536x1024.jpg 1536w, https:\/\/sue\u00f1adignidad.com\/wp-content\/uploads\/2024\/11\/IMG_2201.CR2_-1-2048x1365.jpg 2048w\" sizes=\"auto, (max-width: 1024px) 100vw, 1024px\" \/><\/figure>\n\n\n\n<figure class=\"wp-block-image size-large\"><img loading=\"lazy\" decoding=\"async\" width=\"1024\" height=\"683\" data-id=\"1481\" src=\"https:\/\/sue\u00f1adignidad.com\/wp-content\/uploads\/2024\/11\/IMG_2179.CR2_-1-1024x683.jpg\" alt=\"\" class=\"wp-image-1481\" srcset=\"https:\/\/sue\u00f1adignidad.com\/wp-content\/uploads\/2024\/11\/IMG_2179.CR2_-1-1024x683.jpg 1024w, https:\/\/sue\u00f1adignidad.com\/wp-content\/uploads\/2024\/11\/IMG_2179.CR2_-1-300x200.jpg 300w, https:\/\/sue\u00f1adignidad.com\/wp-content\/uploads\/2024\/11\/IMG_2179.CR2_-1-768x512.jpg 768w, https:\/\/sue\u00f1adignidad.com\/wp-content\/uploads\/2024\/11\/IMG_2179.CR2_-1-1536x1024.jpg 1536w, https:\/\/sue\u00f1adignidad.com\/wp-content\/uploads\/2024\/11\/IMG_2179.CR2_-1-2048x1365.jpg 2048w\" sizes=\"auto, (max-width: 1024px) 100vw, 1024px\" \/><\/figure>\n\n\n\n<figure class=\"wp-block-image size-large\"><img loading=\"lazy\" decoding=\"async\" width=\"1024\" height=\"683\" data-id=\"1482\" src=\"https:\/\/sue\u00f1adignidad.com\/wp-content\/uploads\/2024\/11\/IMG_2172.CR2_-1-1024x683.jpg\" alt=\"\" class=\"wp-image-1482\" srcset=\"https:\/\/sue\u00f1adignidad.com\/wp-content\/uploads\/2024\/11\/IMG_2172.CR2_-1-1024x683.jpg 1024w, https:\/\/sue\u00f1adignidad.com\/wp-content\/uploads\/2024\/11\/IMG_2172.CR2_-1-300x200.jpg 300w, https:\/\/sue\u00f1adignidad.com\/wp-content\/uploads\/2024\/11\/IMG_2172.CR2_-1-768x512.jpg 768w, https:\/\/sue\u00f1adignidad.com\/wp-content\/uploads\/2024\/11\/IMG_2172.CR2_-1-1536x1024.jpg 1536w, https:\/\/sue\u00f1adignidad.com\/wp-content\/uploads\/2024\/11\/IMG_2172.CR2_-1-2048x1365.jpg 2048w\" sizes=\"auto, (max-width: 1024px) 100vw, 1024px\" \/><\/figure>\n\n\n\n<figure class=\"wp-block-image size-large\"><img loading=\"lazy\" decoding=\"async\" width=\"1024\" height=\"683\" data-id=\"1483\" src=\"https:\/\/sue\u00f1adignidad.com\/wp-content\/uploads\/2024\/11\/IMG_2169-1-1024x683.jpg\" alt=\"\" class=\"wp-image-1483\" srcset=\"https:\/\/sue\u00f1adignidad.com\/wp-content\/uploads\/2024\/11\/IMG_2169-1-1024x683.jpg 1024w, https:\/\/sue\u00f1adignidad.com\/wp-content\/uploads\/2024\/11\/IMG_2169-1-300x200.jpg 300w, https:\/\/sue\u00f1adignidad.com\/wp-content\/uploads\/2024\/11\/IMG_2169-1-768x512.jpg 768w, https:\/\/sue\u00f1adignidad.com\/wp-content\/uploads\/2024\/11\/IMG_2169-1-1536x1024.jpg 1536w, https:\/\/sue\u00f1adignidad.com\/wp-content\/uploads\/2024\/11\/IMG_2169-1-2048x1365.jpg 2048w\" sizes=\"auto, (max-width: 1024px) 100vw, 1024px\" \/><\/figure>\n\n\n\n<figure class=\"wp-block-image size-large\"><img loading=\"lazy\" decoding=\"async\" width=\"1024\" height=\"683\" data-id=\"1484\" src=\"https:\/\/sue\u00f1adignidad.com\/wp-content\/uploads\/2024\/11\/IMG_2159.CR2_-1-1024x683.jpg\" alt=\"\" class=\"wp-image-1484\" srcset=\"https:\/\/sue\u00f1adignidad.com\/wp-content\/uploads\/2024\/11\/IMG_2159.CR2_-1-1024x683.jpg 1024w, https:\/\/sue\u00f1adignidad.com\/wp-content\/uploads\/2024\/11\/IMG_2159.CR2_-1-300x200.jpg 300w, https:\/\/sue\u00f1adignidad.com\/wp-content\/uploads\/2024\/11\/IMG_2159.CR2_-1-768x512.jpg 768w, https:\/\/sue\u00f1adignidad.com\/wp-content\/uploads\/2024\/11\/IMG_2159.CR2_-1-1536x1024.jpg 1536w, https:\/\/sue\u00f1adignidad.com\/wp-content\/uploads\/2024\/11\/IMG_2159.CR2_-1-2048x1365.jpg 2048w\" sizes=\"auto, (max-width: 1024px) 100vw, 1024px\" \/><\/figure>\n\n\n\n<figure class=\"wp-block-image size-large\"><img loading=\"lazy\" decoding=\"async\" width=\"1024\" height=\"683\" data-id=\"1485\" src=\"https:\/\/sue\u00f1adignidad.com\/wp-content\/uploads\/2024\/11\/IMG_2146.CR2_-1-1024x683.jpg\" alt=\"\" class=\"wp-image-1485\" srcset=\"https:\/\/sue\u00f1adignidad.com\/wp-content\/uploads\/2024\/11\/IMG_2146.CR2_-1-1024x683.jpg 1024w, https:\/\/sue\u00f1adignidad.com\/wp-content\/uploads\/2024\/11\/IMG_2146.CR2_-1-300x200.jpg 300w, https:\/\/sue\u00f1adignidad.com\/wp-content\/uploads\/2024\/11\/IMG_2146.CR2_-1-768x512.jpg 768w, https:\/\/sue\u00f1adignidad.com\/wp-content\/uploads\/2024\/11\/IMG_2146.CR2_-1-1536x1024.jpg 1536w, https:\/\/sue\u00f1adignidad.com\/wp-content\/uploads\/2024\/11\/IMG_2146.CR2_-1-2048x1365.jpg 2048w\" sizes=\"auto, (max-width: 1024px) 100vw, 1024px\" \/><\/figure>\n\n\n\n<figure class=\"wp-block-image size-large\"><img loading=\"lazy\" decoding=\"async\" width=\"1024\" height=\"683\" data-id=\"1486\" src=\"https:\/\/sue\u00f1adignidad.com\/wp-content\/uploads\/2024\/11\/IMG_2140.CR2_-1-1024x683.jpg\" alt=\"\" class=\"wp-image-1486\" srcset=\"https:\/\/sue\u00f1adignidad.com\/wp-content\/uploads\/2024\/11\/IMG_2140.CR2_-1-1024x683.jpg 1024w, https:\/\/sue\u00f1adignidad.com\/wp-content\/uploads\/2024\/11\/IMG_2140.CR2_-1-300x200.jpg 300w, https:\/\/sue\u00f1adignidad.com\/wp-content\/uploads\/2024\/11\/IMG_2140.CR2_-1-768x512.jpg 768w, https:\/\/sue\u00f1adignidad.com\/wp-content\/uploads\/2024\/11\/IMG_2140.CR2_-1-1536x1024.jpg 1536w, https:\/\/sue\u00f1adignidad.com\/wp-content\/uploads\/2024\/11\/IMG_2140.CR2_-1-2048x1365.jpg 2048w\" sizes=\"auto, (max-width: 1024px) 100vw, 1024px\" \/><\/figure>\n\n\n\n<figure class=\"wp-block-image size-large\"><img loading=\"lazy\" decoding=\"async\" width=\"1024\" height=\"683\" data-id=\"1487\" src=\"https:\/\/sue\u00f1adignidad.com\/wp-content\/uploads\/2024\/11\/IMG_2136.CR2_-1-1024x683.jpg\" alt=\"\" class=\"wp-image-1487\" srcset=\"https:\/\/sue\u00f1adignidad.com\/wp-content\/uploads\/2024\/11\/IMG_2136.CR2_-1-1024x683.jpg 1024w, https:\/\/sue\u00f1adignidad.com\/wp-content\/uploads\/2024\/11\/IMG_2136.CR2_-1-300x200.jpg 300w, https:\/\/sue\u00f1adignidad.com\/wp-content\/uploads\/2024\/11\/IMG_2136.CR2_-1-768x512.jpg 768w, https:\/\/sue\u00f1adignidad.com\/wp-content\/uploads\/2024\/11\/IMG_2136.CR2_-1-1536x1024.jpg 1536w, https:\/\/sue\u00f1adignidad.com\/wp-content\/uploads\/2024\/11\/IMG_2136.CR2_-1-2048x1365.jpg 2048w\" sizes=\"auto, (max-width: 1024px) 100vw, 1024px\" \/><\/figure>\n<\/figure>\n\n\n\n<p><strong>Un territorio bajo asedio<\/strong><\/p>\n\n\n\n<p>La comunidad de Eloxochitl\u00e1n de Flores Mag\u00f3n ha denunciado sistem\u00e1ticamente el saqueo de sus recursos naturales y materiales de uso petreo (agua, grava, arena y \u00e1rboles) y la criminalizaci\u00f3n de sus habitantes. Estas acciones, atribuidas a caciques locales encabezados por el expresidente municipal y su hija, la diputada local de Morena, Elisa Zepeda Lagunas, han derivado en violaciones graves a los derechos humanos, desplazamientos forzados y detenciones arbitrarias de opositores al r\u00e9gimen caciquil.<\/p>\n\n\n\n<p>Las personas visitantes a la comunidad en esta Tercera Faena se percataron que las autoridades municipales no despachan en el palacio municipal porque fueron desplazadas por el cacique Manuel Zepeda y su hija Elisa Zepeda; estos sucesos llaman a una reflexi\u00f3n urgente desde la mirada exterior: Dos personas no pueden simplemente tomar decisiones de esa naturaleza en una comunidad a no ser que sean operadoras de un gobierno estatal o federal y por ello cuenten con impunidad total.<\/p>\n\n\n\n<p>Las y los participantes de la faena tambi\u00e9n se\u00f1alaron al gobierno estatal encabezado por Salom\u00f3n Jara Cruz y al Congreso morenista como responsables del retraso en los juicios, la falta de acceso a justicia y la omisi\u00f3n frente a las denuncias de tortura, cateos ilegales y menoscabo de derechos fundamentales.<\/p>\n\n\n\n<p><strong>Un llamado a la solidaridad global<\/strong><\/p>\n\n\n\n<p>La Tercera Faena Internacionalista no solo se consolid\u00f3 como un evento art\u00edstico y pol\u00edtico, sino como un llamado urgente a la solidaridad internacional. Con cada actividad, se reafirm\u00f3 el compromiso colectivo de exigir justicia para Eloxochitl\u00e1n de Flores Mag\u00f3n y para todas las comunidades que enfrentan conflictos similares en el mundo.<\/p>\n\n\n\n<p>El grito de \u201cLibertad Ya\u201d reson\u00f3 con fuerza entre las monta\u00f1as mazatecas, recordando que la lucha por la autonom\u00eda, la dignidad y el territorio es una causa que trasciende fronteras.<\/p>\n\n\n\n<p><strong>Demandas por justicia y libertad<\/strong><\/p>\n\n\n\n<p>Desde este espacio de resistencia, exigimos:<\/p>\n\n\n\n<ul class=\"wp-block-list\">\n<li><strong>Libertad absoluta para los presos pol\u00edticos de Eloxochitl\u00e1n de Flores Mag\u00f3n y otras comunidades del mundo.<\/strong><\/li>\n\n\n\n<li><strong>El fin de la criminalizaci\u00f3n y el desplazamiento forzado de las y los pobladores.<\/strong><\/li>\n\n\n\n<li><strong>La defensa del territorio y sus recursos naturales, priorizando la vida en todas sus formas.<\/strong><\/li>\n\n\n\n<li><strong>El cese de los gobiernos caciquiles que perpet\u00faan la desigualdad y el abuso de poder.<\/strong><\/li>\n<\/ul>\n\n\n\n<p>La comunidad reiter\u00f3 que las denuncias presentadas ante el juzgado de Huautla exponen m\u00e1s de 23 resoluciones que confirman irregularidades en los procesos judiciales, as\u00ed como la falsedad de las acusaciones promovidas por Elisa Zepeda Lagunas.<\/p>\n        <div class=\"booster-block booster-reactions-block\">\n            <div class=\"twp-reactions-icons\">\n                \n                <div class=\"twp-reacts-wrap\">\n                    <a react-data=\"be-react-1\" post-id=\"1446\" class=\"be-face-icons un-reacted\" href=\"javascript:void(0)\">\n                        <img decoding=\"async\" src=\"https:\/\/sue\u00f1adignidad.com\/wp-content\/plugins\/booster-extension\/\/assets\/icon\/happy.svg\" alt=\"Happy\">\n                    <\/a>\n                    <div class=\"twp-reaction-title\">\n                        Happy                    <\/div>\n                    <div class=\"twp-count-percent\">\n                                                    <span style=\"display: none;\" class=\"twp-react-count\">1<\/span>\n                        \n                                                <span class=\"twp-react-percent\"><span>100<\/span> %<\/span>\n                                            <\/div>\n                <\/div>\n\n                <div class=\"twp-reacts-wrap\">\n                    <a react-data=\"be-react-2\" post-id=\"1446\" class=\"be-face-icons un-reacted\" href=\"javascript:void(0)\">\n                        <img decoding=\"async\" src=\"https:\/\/sue\u00f1adignidad.com\/wp-content\/plugins\/booster-extension\/\/assets\/icon\/sad.svg\" alt=\"Sad\">\n                    <\/a>\n                    <div class=\"twp-reaction-title\">\n                        Sad                    <\/div>\n                    <div class=\"twp-count-percent\">\n                                                    <span style=\"display: none;\" class=\"twp-react-count\">0<\/span>\n                                                                        <span class=\"twp-react-percent\"><span>0<\/span> %<\/span>\n                                            <\/div>\n                <\/div>\n\n                <div class=\"twp-reacts-wrap\">\n                    <a react-data=\"be-react-3\" post-id=\"1446\" class=\"be-face-icons un-reacted\" href=\"javascript:void(0)\">\n                        <img decoding=\"async\" src=\"https:\/\/sue\u00f1adignidad.com\/wp-content\/plugins\/booster-extension\/\/assets\/icon\/excited.svg\" alt=\"Excited\">\n                    <\/a>\n                    <div class=\"twp-reaction-title\">\n                        Excited                    <\/div>\n                    <div class=\"twp-count-percent\">\n                                                    <span style=\"display: none;\" class=\"twp-react-count\">0<\/span>\n                                                                        <span class=\"twp-react-percent\"><span>0<\/span> %<\/span>\n                                            <\/div>\n                <\/div>\n\n                <div class=\"twp-reacts-wrap\">\n                    <a react-data=\"be-react-6\" post-id=\"1446\" class=\"be-face-icons un-reacted\" href=\"javascript:void(0)\">\n                        <img decoding=\"async\" src=\"https:\/\/sue\u00f1adignidad.com\/wp-content\/plugins\/booster-extension\/\/assets\/icon\/sleepy.svg\" alt=\"Sleepy\">\n                    <\/a>\n                    <div class=\"twp-reaction-title\">\n                        Sleepy                    <\/div>\n                    <div class=\"twp-count-percent\">\n                                                    <span style=\"display: none;\" class=\"twp-react-count\">0<\/span>\n                        \n                                                <span class=\"twp-react-percent\"><span>0<\/span> %<\/span>\n                                            <\/div>\n                <\/div>\n\n                <div class=\"twp-reacts-wrap\">\n                    <a react-data=\"be-react-4\" post-id=\"1446\" class=\"be-face-icons un-reacted\" href=\"javascript:void(0)\">\n                        <img decoding=\"async\" src=\"https:\/\/sue\u00f1adignidad.com\/wp-content\/plugins\/booster-extension\/\/assets\/icon\/angry.svg\" alt=\"Angry\">\n                    <\/a>\n                    <div class=\"twp-reaction-title\">Angry<\/div>\n                    <div class=\"twp-count-percent\">\n                                                    <span style=\"display: none;\" class=\"twp-react-count\">0<\/span>\n                                                                        <span class=\"twp-react-percent\"><span>0<\/span> %<\/span>\n                        \n                    <\/div>\n                <\/div>\n\n                <div class=\"twp-reacts-wrap\">\n                    <a react-data=\"be-react-5\" post-id=\"1446\" class=\"be-face-icons un-reacted\" href=\"javascript:void(0)\">\n                        <img decoding=\"async\" src=\"https:\/\/sue\u00f1adignidad.com\/wp-content\/plugins\/booster-extension\/\/assets\/icon\/surprise.svg\" alt=\"Surprise\">\n                    <\/a>\n                    <div class=\"twp-reaction-title\">Surprise<\/div>\n                    <div class=\"twp-count-percent\">\n                                                    <span style=\"display: none;\" class=\"twp-react-count\">0<\/span>\n                                                                        <span class=\"twp-react-percent\"><span>0<\/span> %<\/span>\n                                            <\/div>\n                <\/div>\n\n            <\/div>\n        <\/div>\n\n    ","protected":false},"excerpt":{"rendered":"<p>Cobertura por Aurora Davidia &amp; Elizabeth D\u00edaz, texto por Elizabeth D\u00edaz. Eloxochitl\u00e1n de Flores Mag\u00f3n, Oaxaca. Del 23 al 25 de noviembre, la Tercera Faena Internacionalista por la Justicia reuni\u00f3 a defensores, colectivas, comunicadores comunitarios y artistas que defienden la vida y los derechos humanos de diversas partes del mundo en exigencia de libertad, justicia [&hellip;]<\/p>\n","protected":false},"author":1,"featured_media":1448,"comment_status":"open","ping_status":"open","sticky":false,"template":"","format":"standard","meta":{"site-sidebar-layout":"default","site-content-layout":"","ast-site-content-layout":"default","site-content-style":"default","site-sidebar-style":"default","ast-global-header-display":"","ast-banner-title-visibility":"","ast-main-header-display":"","ast-hfb-above-header-display":"","ast-hfb-below-header-display":"","ast-hfb-mobile-header-display":"","site-post-title":"","ast-breadcrumbs-content":"","ast-featured-img":"","footer-sml-layout":"","ast-disable-related-posts":"","theme-transparent-header-meta":"","adv-header-id-meta":"","stick-header-meta":"","header-above-stick-meta":"","header-main-stick-meta":"","header-below-stick-meta":"","astra-migrate-meta-layouts":"default","ast-page-background-enabled":"default","ast-page-background-meta":{"desktop":{"background-color":"var(--ast-global-color-5)","background-image":"","background-repeat":"repeat","background-position":"center center","background-size":"auto","background-attachment":"scroll","background-type":"","background-media":"","overlay-type":"","overlay-color":"","overlay-opacity":"","overlay-gradient":""},"tablet":{"background-color":"","background-image":"","background-repeat":"repeat","background-position":"center center","background-size":"auto","background-attachment":"scroll","background-type":"","background-media":"","overlay-type":"","overlay-color":"","overlay-opacity":"","overlay-gradient":""},"mobile":{"background-color":"","background-image":"","background-repeat":"repeat","background-position":"center center","background-size":"auto","background-attachment":"scroll","background-type":"","background-media":"","overlay-type":"","overlay-color":"","overlay-opacity":"","overlay-gradient":""}},"ast-content-background-meta":{"desktop":{"background-color":"var(--ast-global-color-4)","background-image":"","background-repeat":"repeat","background-position":"center center","background-size":"auto","background-attachment":"scroll","background-type":"","background-media":"","overlay-type":"","overlay-color":"","overlay-opacity":"","overlay-gradient":""},"tablet":{"background-color":"var(--ast-global-color-4)","background-image":"","background-repeat":"repeat","background-position":"center center","background-size":"auto","background-attachment":"scroll","background-type":"","background-media":"","overlay-type":"","overlay-color":"","overlay-opacity":"","overlay-gradient":""},"mobile":{"background-color":"var(--ast-global-color-4)","background-image":"","background-repeat":"repeat","background-position":"center center","background-size":"auto","background-attachment":"scroll","background-type":"","background-media":"","overlay-type":"","overlay-color":"","overlay-opacity":"","overlay-gradient":""}},"footnotes":""},"categories":[1],"tags":[],"class_list":["post-1446","post","type-post","status-publish","format-standard","has-post-thumbnail","hentry","category-uncategorized"],"_links":{"self":[{"href":"https:\/\/sue\u00f1adignidad.com\/index.php?rest_route=\/wp\/v2\/posts\/1446","targetHints":{"allow":["GET"]}}],"collection":[{"href":"https:\/\/sue\u00f1adignidad.com\/index.php?rest_route=\/wp\/v2\/posts"}],"about":[{"href":"https:\/\/sue\u00f1adignidad.com\/index.php?rest_route=\/wp\/v2\/types\/post"}],"author":[{"embeddable":true,"href":"https:\/\/sue\u00f1adignidad.com\/index.php?rest_route=\/wp\/v2\/users\/1"}],"replies":[{"embeddable":true,"href":"https:\/\/sue\u00f1adignidad.com\/index.php?rest_route=%2Fwp%2Fv2%2Fcomments&post=1446"}],"version-history":[{"count":4,"href":"https:\/\/sue\u00f1adignidad.com\/index.php?rest_route=\/wp\/v2\/posts\/1446\/revisions"}],"predecessor-version":[{"id":1489,"href":"https:\/\/sue\u00f1adignidad.com\/index.php?rest_route=\/wp\/v2\/posts\/1446\/revisions\/1489"}],"wp:featuredmedia":[{"embeddable":true,"href":"https:\/\/sue\u00f1adignidad.com\/index.php?rest_route=\/wp\/v2\/media\/1448"}],"wp:attachment":[{"href":"https:\/\/sue\u00f1adignidad.com\/index.php?rest_route=%2Fwp%2Fv2%2Fmedia&parent=1446"}],"wp:term":[{"taxonomy":"category","embeddable":true,"href":"https:\/\/sue\u00f1adignidad.com\/index.php?rest_route=%2Fwp%2Fv2%2Fcategories&post=1446"},{"taxonomy":"post_tag","embeddable":true,"href":"https:\/\/sue\u00f1adignidad.com\/index.php?rest_route=%2Fwp%2Fv2%2Ftags&post=1446"}],"curies":[{"name":"wp","href":"https:\/\/api.w.org\/{rel}","templated":true}]}}