{"id":1291,"date":"2024-09-26T11:02:35","date_gmt":"2024-09-26T17:02:35","guid":{"rendered":"https:\/\/sue\u00f1adignidad.com\/?p=1291"},"modified":"2024-09-26T11:16:08","modified_gmt":"2024-09-26T17:16:08","slug":"ayotzinapa-a-10-anos-4-fotoperiodistas-4-historias","status":"publish","type":"post","link":"https:\/\/sue\u00f1adignidad.com\/?p=1291","title":{"rendered":"#Ayotzinapa a 10 a\u00f1os: 4 fotoperiodistas-4 historias"},"content":{"rendered":"<div class='booster-block booster-read-block'>\n                <div class=\"twp-read-time\">\n                \t<i class=\"booster-icon twp-clock\"><\/i> <span>Read Time:<\/span>17 Second                <\/div>\n\n            <\/div>\n<blockquote class=\"wp-block-quote has-background is-layout-flow wp-block-quote-is-layout-flow\" style=\"background:linear-gradient(95deg,rgb(238,238,238) 0%,rgb(169,184,195) 100%)\">\n<p class=\"has-white-color has-black-background-color has-text-color has-background has-link-color wp-elements-45e16190215c81717ef7eb50e05a81b3\">\ud83d\udca5\u00bfA qu\u00e9 sue\u00f1o, esperanza, compromiso o deseo nos remiten las historias que contamos?<\/p>\n\n\n\n<p class=\"has-white-color has-black-background-color has-text-color has-background has-link-color wp-elements-f1789cde9aba769cd3f0038f5e04d48e\">Este es un experimento, una exploraci\u00f3n que hicieron cuatro fotoperiodistas en el d\u00e9cimo aniversario de lo sucedido en Ayotzinapa.<\/p>\n\n\n\n<p class=\"has-white-color has-black-background-color has-text-color has-background has-link-color wp-elements-30acad08301ce3f37a6c8c41cfe33468\">Les recomendamos ponerse los aud\u00edfonos o activar el audio de su dispositivo \ud83d\udd0a<\/p>\n\n\n\n<p class=\"has-white-color has-black-background-color has-text-color has-background has-link-color wp-elements-3c12bdab402fe3c0ebe00c37f3be98da\">\ud83d\udd0d Ustedes, \u00bfcu\u00e1ntos a\u00f1os ten\u00edan cuando el narco-estado desapareci\u00f3 a los 43 normalistas?<\/p>\n<\/blockquote>\n\n\n\n<figure class=\"wp-block-video\"><video height=\"3218\" style=\"aspect-ratio: 2574 \/ 3218;\" width=\"2574\" controls src=\"https:\/\/sue\u00f1adignidad.com\/wp-content\/uploads\/2024\/09\/Bajo-las-consignas-progreso-y-desarrollo-del-PRI-y-el-PAN-AMLO-han-encabezado-el-despojo-y-la-destruccion-de-territorios-indigenas-en-el-sur-sureste-mexicano.-4-1.mp4\"><\/video><\/figure>\n\n\n\n<figure class=\"wp-block-image size-large\"><img loading=\"lazy\" decoding=\"async\" width=\"819\" height=\"1024\" src=\"https:\/\/sue\u00f1adignidad.com\/wp-content\/uploads\/2024\/09\/image00001-819x1024.jpeg\" alt=\"\" class=\"wp-image-1300\" srcset=\"https:\/\/sue\u00f1adignidad.com\/wp-content\/uploads\/2024\/09\/image00001-819x1024.jpeg 819w, https:\/\/sue\u00f1adignidad.com\/wp-content\/uploads\/2024\/09\/image00001-240x300.jpeg 240w, https:\/\/sue\u00f1adignidad.com\/wp-content\/uploads\/2024\/09\/image00001-768x960.jpeg 768w, https:\/\/sue\u00f1adignidad.com\/wp-content\/uploads\/2024\/09\/image00001-1229x1536.jpeg 1229w, https:\/\/sue\u00f1adignidad.com\/wp-content\/uploads\/2024\/09\/image00001.jpeg 1440w\" sizes=\"auto, (max-width: 819px) 100vw, 819px\" \/><\/figure>\n\n\n\n<figure class=\"wp-block-video\"><video height=\"3218\" style=\"aspect-ratio: 2574 \/ 3218;\" width=\"2574\" controls src=\"https:\/\/sue\u00f1adignidad.com\/wp-content\/uploads\/2024\/09\/Bajo-las-consignas-progreso-y-desarrollo-del-PRI-y-el-PAN-AMLO-han-encabezado-el-despojo-y-la-destruccion-de-territorios-indigenas-en-el-sur-sureste-mexicano-1.mp4\" playsinline><\/video><\/figure>\n\n\n\n<figure class=\"wp-block-image size-large\"><img loading=\"lazy\" decoding=\"async\" width=\"819\" height=\"1024\" src=\"https:\/\/sue\u00f1adignidad.com\/wp-content\/uploads\/2024\/09\/image00004-819x1024.jpeg\" alt=\"\" class=\"wp-image-1294\" srcset=\"https:\/\/sue\u00f1adignidad.com\/wp-content\/uploads\/2024\/09\/image00004-819x1024.jpeg 819w, https:\/\/sue\u00f1adignidad.com\/wp-content\/uploads\/2024\/09\/image00004-240x300.jpeg 240w, https:\/\/sue\u00f1adignidad.com\/wp-content\/uploads\/2024\/09\/image00004-768x960.jpeg 768w, https:\/\/sue\u00f1adignidad.com\/wp-content\/uploads\/2024\/09\/image00004-1229x1536.jpeg 1229w, https:\/\/sue\u00f1adignidad.com\/wp-content\/uploads\/2024\/09\/image00004.jpeg 1440w\" sizes=\"auto, (max-width: 819px) 100vw, 819px\" \/><\/figure>\n\n\n\n<figure class=\"wp-block-video\"><video height=\"3218\" style=\"aspect-ratio: 2574 \/ 3218;\" width=\"2574\" controls src=\"https:\/\/sue\u00f1adignidad.com\/wp-content\/uploads\/2024\/09\/Bajo-las-consignas-progreso-y-desarrollo-del-PRI-y-el-PAN-AMLO-han-encabezado-el-despojo-y-la-destruccion-de-territorios-indigenas-en-el-sur-sureste-mexicano.-5-1.mp4\"><\/video><\/figure>\n\n\n\n<figure class=\"wp-block-image size-large\"><img loading=\"lazy\" decoding=\"async\" width=\"819\" height=\"1024\" src=\"https:\/\/sue\u00f1adignidad.com\/wp-content\/uploads\/2024\/09\/image00002-1-819x1024.jpeg\" alt=\"\" class=\"wp-image-1305\" srcset=\"https:\/\/sue\u00f1adignidad.com\/wp-content\/uploads\/2024\/09\/image00002-1-819x1024.jpeg 819w, https:\/\/sue\u00f1adignidad.com\/wp-content\/uploads\/2024\/09\/image00002-1-240x300.jpeg 240w, https:\/\/sue\u00f1adignidad.com\/wp-content\/uploads\/2024\/09\/image00002-1-768x960.jpeg 768w, https:\/\/sue\u00f1adignidad.com\/wp-content\/uploads\/2024\/09\/image00002-1-1229x1536.jpeg 1229w, https:\/\/sue\u00f1adignidad.com\/wp-content\/uploads\/2024\/09\/image00002-1.jpeg 1440w\" sizes=\"auto, (max-width: 819px) 100vw, 819px\" \/><\/figure>\n\n\n\n<figure class=\"wp-block-video\"><video height=\"3218\" style=\"aspect-ratio: 2574 \/ 3218;\" width=\"2574\" controls src=\"https:\/\/sue\u00f1adignidad.com\/wp-content\/uploads\/2024\/09\/Bajo-las-consignas-progreso-y-desarrollo-del-PRI-y-el-PAN-AMLO-han-encabezado-el-despojo-y-la-destruccion-de-territorios-indigenas-en-el-sur-sureste-mexicano.-7-1.mp4\"><\/video><\/figure>\n        <div class=\"booster-block booster-reactions-block\">\n            <div class=\"twp-reactions-icons\">\n                \n                <div class=\"twp-reacts-wrap\">\n                    <a react-data=\"be-react-1\" post-id=\"1291\" class=\"be-face-icons un-reacted\" href=\"javascript:void(0)\">\n                        <img decoding=\"async\" src=\"https:\/\/sue\u00f1adignidad.com\/wp-content\/plugins\/booster-extension\/\/assets\/icon\/happy.svg\" alt=\"Happy\">\n                    <\/a>\n                    <div class=\"twp-reaction-title\">\n                        Happy                    <\/div>\n                    <div class=\"twp-count-percent\">\n                                                    <span style=\"display: none;\" class=\"twp-react-count\">0<\/span>\n                        \n                                                <span class=\"twp-react-percent\"><span>0<\/span> %<\/span>\n                                            <\/div>\n                <\/div>\n\n                <div class=\"twp-reacts-wrap\">\n                    <a react-data=\"be-react-2\" post-id=\"1291\" class=\"be-face-icons un-reacted\" href=\"javascript:void(0)\">\n                        <img decoding=\"async\" src=\"https:\/\/sue\u00f1adignidad.com\/wp-content\/plugins\/booster-extension\/\/assets\/icon\/sad.svg\" alt=\"Sad\">\n                    <\/a>\n                    <div class=\"twp-reaction-title\">\n                        Sad                    <\/div>\n                    <div class=\"twp-count-percent\">\n                                                    <span style=\"display: none;\" class=\"twp-react-count\">0<\/span>\n                                                                        <span class=\"twp-react-percent\"><span>0<\/span> %<\/span>\n                                            <\/div>\n                <\/div>\n\n                <div class=\"twp-reacts-wrap\">\n                    <a react-data=\"be-react-3\" post-id=\"1291\" class=\"be-face-icons un-reacted\" href=\"javascript:void(0)\">\n                        <img decoding=\"async\" src=\"https:\/\/sue\u00f1adignidad.com\/wp-content\/plugins\/booster-extension\/\/assets\/icon\/excited.svg\" alt=\"Excited\">\n                    <\/a>\n                    <div class=\"twp-reaction-title\">\n                        Excited                    <\/div>\n                    <div class=\"twp-count-percent\">\n                                                    <span style=\"display: none;\" class=\"twp-react-count\">0<\/span>\n                                                                        <span class=\"twp-react-percent\"><span>0<\/span> %<\/span>\n                                            <\/div>\n                <\/div>\n\n                <div class=\"twp-reacts-wrap\">\n                    <a react-data=\"be-react-6\" post-id=\"1291\" class=\"be-face-icons un-reacted\" href=\"javascript:void(0)\">\n                        <img decoding=\"async\" src=\"https:\/\/sue\u00f1adignidad.com\/wp-content\/plugins\/booster-extension\/\/assets\/icon\/sleepy.svg\" alt=\"Sleepy\">\n                    <\/a>\n                    <div class=\"twp-reaction-title\">\n                        Sleepy                    <\/div>\n                    <div class=\"twp-count-percent\">\n                                                    <span style=\"display: none;\" class=\"twp-react-count\">0<\/span>\n                        \n                                                <span class=\"twp-react-percent\"><span>0<\/span> %<\/span>\n                                            <\/div>\n                <\/div>\n\n                <div class=\"twp-reacts-wrap\">\n                    <a react-data=\"be-react-4\" post-id=\"1291\" class=\"be-face-icons un-reacted\" href=\"javascript:void(0)\">\n                        <img decoding=\"async\" src=\"https:\/\/sue\u00f1adignidad.com\/wp-content\/plugins\/booster-extension\/\/assets\/icon\/angry.svg\" alt=\"Angry\">\n                    <\/a>\n                    <div class=\"twp-reaction-title\">Angry<\/div>\n                    <div class=\"twp-count-percent\">\n                                                    <span style=\"display: none;\" class=\"twp-react-count\">0<\/span>\n                                                                        <span class=\"twp-react-percent\"><span>0<\/span> %<\/span>\n                        \n                    <\/div>\n                <\/div>\n\n                <div class=\"twp-reacts-wrap\">\n                    <a react-data=\"be-react-5\" post-id=\"1291\" class=\"be-face-icons un-reacted\" href=\"javascript:void(0)\">\n                        <img decoding=\"async\" src=\"https:\/\/sue\u00f1adignidad.com\/wp-content\/plugins\/booster-extension\/\/assets\/icon\/surprise.svg\" alt=\"Surprise\">\n                    <\/a>\n                    <div class=\"twp-reaction-title\">Surprise<\/div>\n                    <div class=\"twp-count-percent\">\n                                                    <span style=\"display: none;\" class=\"twp-react-count\">0<\/span>\n                                                                        <span class=\"twp-react-percent\"><span>0<\/span> %<\/span>\n                                            <\/div>\n                <\/div>\n\n            <\/div>\n        <\/div>\n\n    ","protected":false},"excerpt":{"rendered":"<p>\ud83d\udca5\u00bfA qu\u00e9 sue\u00f1o, esperanza, compromiso o deseo nos remiten las historias que contamos? Este es un experimento, una exploraci\u00f3n que hicieron cuatro fotoperiodistas en el d\u00e9cimo aniversario de lo sucedido en Ayotzinapa. Les recomendamos ponerse los aud\u00edfonos o activar el audio de su dispositivo \ud83d\udd0a \ud83d\udd0d Ustedes, \u00bfcu\u00e1ntos a\u00f1os ten\u00edan cuando el narco-estado desapareci\u00f3 a [&hellip;]<\/p>\n","protected":false},"author":1,"featured_media":1295,"comment_status":"open","ping_status":"open","sticky":false,"template":"","format":"video","meta":{"site-sidebar-layout":"default","site-content-layout":"","ast-site-content-layout":"default","site-content-style":"default","site-sidebar-style":"default","ast-global-header-display":"","ast-banner-title-visibility":"","ast-main-header-display":"","ast-hfb-above-header-display":"","ast-hfb-below-header-display":"","ast-hfb-mobile-header-display":"","site-post-title":"","ast-breadcrumbs-content":"","ast-featured-img":"","footer-sml-layout":"","ast-disable-related-posts":"","theme-transparent-header-meta":"","adv-header-id-meta":"","stick-header-meta":"","header-above-stick-meta":"","header-main-stick-meta":"","header-below-stick-meta":"","astra-migrate-meta-layouts":"default","ast-page-background-enabled":"default","ast-page-background-meta":{"desktop":{"background-color":"var(--ast-global-color-5)","background-image":"","background-repeat":"repeat","background-position":"center center","background-size":"auto","background-attachment":"scroll","background-type":"","background-media":"","overlay-type":"","overlay-color":"","overlay-opacity":"","overlay-gradient":""},"tablet":{"background-color":"","background-image":"","background-repeat":"repeat","background-position":"center center","background-size":"auto","background-attachment":"scroll","background-type":"","background-media":"","overlay-type":"","overlay-color":"","overlay-opacity":"","overlay-gradient":""},"mobile":{"background-color":"","background-image":"","background-repeat":"repeat","background-position":"center center","background-size":"auto","background-attachment":"scroll","background-type":"","background-media":"","overlay-type":"","overlay-color":"","overlay-opacity":"","overlay-gradient":""}},"ast-content-background-meta":{"desktop":{"background-color":"var(--ast-global-color-4)","background-image":"","background-repeat":"repeat","background-position":"center center","background-size":"auto","background-attachment":"scroll","background-type":"","background-media":"","overlay-type":"","overlay-color":"","overlay-opacity":"","overlay-gradient":""},"tablet":{"background-color":"var(--ast-global-color-4)","background-image":"","background-repeat":"repeat","background-position":"center center","background-size":"auto","background-attachment":"scroll","background-type":"","background-media":"","overlay-type":"","overlay-color":"","overlay-opacity":"","overlay-gradient":""},"mobile":{"background-color":"var(--ast-global-color-4)","background-image":"","background-repeat":"repeat","background-position":"center center","background-size":"auto","background-attachment":"scroll","background-type":"","background-media":"","overlay-type":"","overlay-color":"","overlay-opacity":"","overlay-gradient":""}},"footnotes":""},"categories":[21,18],"tags":[51,52,50,56,53,55],"class_list":["post-1291","post","type-post","status-publish","format-video","has-post-thumbnail","hentry","category-donde-estan","category-coberturas","tag-ayotzinapa","tag-crimendeestado","tag-fueelestado","tag-guerrero","tag-iguala","tag-normalistas","post_format-post-format-video"],"_links":{"self":[{"href":"https:\/\/sue\u00f1adignidad.com\/index.php?rest_route=\/wp\/v2\/posts\/1291","targetHints":{"allow":["GET"]}}],"collection":[{"href":"https:\/\/sue\u00f1adignidad.com\/index.php?rest_route=\/wp\/v2\/posts"}],"about":[{"href":"https:\/\/sue\u00f1adignidad.com\/index.php?rest_route=\/wp\/v2\/types\/post"}],"author":[{"embeddable":true,"href":"https:\/\/sue\u00f1adignidad.com\/index.php?rest_route=\/wp\/v2\/users\/1"}],"replies":[{"embeddable":true,"href":"https:\/\/sue\u00f1adignidad.com\/index.php?rest_route=%2Fwp%2Fv2%2Fcomments&post=1291"}],"version-history":[{"count":4,"href":"https:\/\/sue\u00f1adignidad.com\/index.php?rest_route=\/wp\/v2\/posts\/1291\/revisions"}],"predecessor-version":[{"id":1311,"href":"https:\/\/sue\u00f1adignidad.com\/index.php?rest_route=\/wp\/v2\/posts\/1291\/revisions\/1311"}],"wp:featuredmedia":[{"embeddable":true,"href":"https:\/\/sue\u00f1adignidad.com\/index.php?rest_route=\/wp\/v2\/media\/1295"}],"wp:attachment":[{"href":"https:\/\/sue\u00f1adignidad.com\/index.php?rest_route=%2Fwp%2Fv2%2Fmedia&parent=1291"}],"wp:term":[{"taxonomy":"category","embeddable":true,"href":"https:\/\/sue\u00f1adignidad.com\/index.php?rest_route=%2Fwp%2Fv2%2Fcategories&post=1291"},{"taxonomy":"post_tag","embeddable":true,"href":"https:\/\/sue\u00f1adignidad.com\/index.php?rest_route=%2Fwp%2Fv2%2Ftags&post=1291"}],"curies":[{"name":"wp","href":"https:\/\/api.w.org\/{rel}","templated":true}]}}